{"id":501,"date":"2017-08-14T10:00:17","date_gmt":"2017-08-14T08:00:17","guid":{"rendered":"http:\/\/blog.residenceliguria.com\/?p=501"},"modified":"2017-12-12T15:07:59","modified_gmt":"2017-12-12T14:07:59","slug":"larea-marina-protetta-dellisola-bergeggi","status":"publish","type":"post","link":"https:\/\/blog.residenceliguria.com\/it\/larea-marina-protetta-dellisola-bergeggi\/","title":{"rendered":"L&#8217;area marina protetta dell&#8217;Isola di Bergeggi"},"content":{"rendered":"<p>Nel mar Ligure c\u2019\u00e8 un <strong>vero e proprio ecosistema<\/strong> unico nel suo genere, soprattutto per la biodiversit\u00e0 che ospita e per le importanti testimonianze storiche, infatti il sito \u00e8 sotto tutela dal 1985. Si tratta dell\u2019<strong>Area Marina Protetta Isola di Bergeggi<\/strong>, in provincia di <strong>Savona<\/strong>.<\/p>\n<p>\u00c8 compresa fra il tratto di costa dell\u2019omonimo comune e l\u2019isola, che dista solo 250 metri; in totale si tratta di una zona di circa 2 chilometri quadrati.<\/p>\n<p>L\u2019area marina \u00e8 stata istituita dal <strong>Ministero dell\u2019Ambiente nel 2007<\/strong>, ma diversi anni prima le amministrazioni locali hanno iniziato a proteggere l\u2019ambiente marino di Bergeggi e della sua isola, per la presenza di testimonianze storiche e archeologiche.<\/p>\n<p>Oltre ad avere una <strong>bella spiaggia<\/strong> e un <strong>mare limpido<\/strong> e pulito (<em>Bergeggi ha conquistato anche quest\u2019anno la <strong>Bandiera Blu<\/strong><\/em>) qui ci sono bellissimi fondali da esplorare, ricchi di anfratti nei quali<strong> si trovano coralli e ampie praterie di Posidonia oceanic<\/strong>a. Nelle acque dell\u2019area marina ci sono anche molte specie di pesci, che sono notevolmente aumentati negli anni grazie alle operazioni di salvaguardia dell\u2019ambiente. Prendete una maschera e un boccaglio e andate in esplorazione con i vostri <strong>bambini<\/strong>, a fare un po\u2019 di <strong>snorkeling<\/strong>, per incontrare branchi di pesci, molluschi, crostacei, spugne, alghe di diverse forme e colori e persino <strong>stelle marine<\/strong>. Fra questi animali c\u2019\u00e8 anche l\u2019Oculina patagonica, una specie di <strong>corallo tropicale<\/strong> che probabilmente \u00e8 arrivato nel mar Ligure trasportato dalle navi in viaggio verso il porto di Savona.<\/p>\n<p>La costa \u00e8 molto frastagliata ed \u00e8 caratterizzata da<strong> insenature, promontori rocciosi e falesie<\/strong>, anche questi da vedere.<\/p>\n<p>Un luogo da visitare \u00e8 la<strong> Grotta Marina<\/strong>, la pi\u00f9 famosa della Liguria. Si trova nel tratto compreso fra <strong>Bergeggi e la Torre del Ma<\/strong>re. La parte emersa \u00e8 molto ampia, mentre sotto il livello del mare ci sono svariati cunicoli, sale pi\u00f9 e meno grandi e laghi salmastri. La grotta \u00e8 il risultato un lungo processo di erosione, infatti al suo interno sono stati trovati reperti neolitici ed \u00e8 ricca di fauna marina. Se volete addentrarvici dovete iscrivervi alle escursioni organizzate dal comune.<\/p>\n<p>L\u2019accesso non \u00e8 consentito invece sull\u2019isola di Bergeggi, si pu\u00f2 solo arrivare a una certa distanza dalla costa: in quell\u2019area \u00e8 vietata la balneazione inoltre la propriet\u00e0 dell\u2019isola \u00e8 privata. Anche in questo caso dovete partecipare alle visite guidate organizzate, che vi condurranno l\u00e0 in canoa oppure vi porteranno a fare snorkeling.<\/p>\n<p>L\u2019isola emerge per circa una cinquantina di metri. \u00c8 un cono di roccia caratterizzato da una costa con grotte e insenature, <strong>calette sabbiose e falesie a picco sul mare e ricoperto da una folta macchia mediterranea<\/strong>. Anche qui, nei fondali, il corallo si alterna alle praterie di Posidonia. In cima all\u2019isola, all\u2019interno di una struttura triangolare, i romani hanno costruito un torrione circolare, che serviva per monitorare il porto. Sopra il torrione, durante il Medioevo, \u00e8 stata elevata una torre quadrata.<\/p>\n<p>L\u2019origine dell\u2019isola di Bergeggi \u00e8 legata a una leggenda. Pare che sia arrivata di fronte alla costa ligure portando con s\u00e9 i santi Eugenio e Vendemiale, che fuggivano dalle persecuzioni dei Vandali. Sant\u2019Eugenio, vescovo di Cartagine, rimase sull\u2019isola fino mentre Vendemiale ripart\u00ec per la Corsica. Le spoglie di sant\u2019Eugenio furono portate a Noli; in seguito divenne il patrono del borgo. Sempre secondo la leggenda alcuni anni dopo le spoglie del santo sarebbero ritornate da sole sull\u2019isola.<\/p>","protected":false},"excerpt":{"rendered":"<p>Nel mar Ligure c\u2019\u00e8 un vero e proprio ecosistema unico nel suo genere, soprattutto per la biodiversit\u00e0 che ospita e per le importanti testimonianze storiche, infatti il sito \u00e8 sotto tutela dal 1985. Si tratta dell\u2019Area Marina Protetta Isola di Bergeggi, in provincia di Savona. \u00c8 compresa fra il tratto di costa dell\u2019omonimo comune e &hellip;<\/p>\n","protected":false},"author":1,"featured_media":502,"comment_status":"open","ping_status":"open","sticky":false,"template":"","format":"standard","meta":{"footnotes":""},"categories":[3],"tags":[13,227,175,66],"class_list":["post-501","post","type-post","status-publish","format-standard","has-post-thumbnail","hentry","category-natura","tag-bambini","tag-bergeggi","tag-noli","tag-savona"],"yoast_head":"<!-- This site is optimized with the Yoast SEO plugin v23.6 - https:\/\/yoast.com\/wordpress\/plugins\/seo\/ -->\n<title>L&#039;area marina protetta dell&#039;Isola di Bergeggi - Il Blog di Residence di Liguria<\/title>\n<meta name=\"description\" content=\"Andiamo alla scoperta dell&#039;isola di Bergeggi, area marina protetta in provincia di Savona dove scoprire grotte, coralli e stelle marine.\" \/>\n<meta name=\"robots\" content=\"index, follow, max-snippet:-1, max-image-preview:large, max-video-preview:-1\" \/>\n<link rel=\"canonical\" href=\"https:\/\/blog.residenceliguria.com\/de\/larea-marina-protetta-dellisola-bergeggi\/\" \/>\n<meta property=\"og:locale\" content=\"it_IT\" \/>\n<meta property=\"og:type\" content=\"article\" \/>\n<meta property=\"og:title\" content=\"L&#039;area marina protetta dell&#039;Isola di Bergeggi - Il Blog di Residence di Liguria\" \/>\n<meta property=\"og:description\" content=\"Andiamo alla scoperta dell&#039;isola di Bergeggi, area marina protetta in provincia di Savona dove scoprire grotte, coralli e stelle marine.\" \/>\n<meta property=\"og:url\" content=\"https:\/\/blog.residenceliguria.com\/de\/larea-marina-protetta-dellisola-bergeggi\/\" \/>\n<meta property=\"og:site_name\" content=\"Il Blog di Residence di Liguria\" \/>\n<meta property=\"article:publisher\" content=\"https:\/\/www.facebook.com\/ResidenceDiLiguria\" \/>\n<meta property=\"article:published_time\" content=\"2017-08-14T08:00:17+00:00\" \/>\n<meta property=\"article:modified_time\" content=\"2017-12-12T14:07:59+00:00\" \/>\n<meta property=\"og:image\" content=\"https:\/\/blog.residenceliguria.com\/wp-content\/uploads\/2017\/08\/Isola_di_Bergeggi.jpg\" \/>\n\t<meta property=\"og:image:width\" content=\"1200\" \/>\n\t<meta property=\"og:image:height\" content=\"621\" \/>\n\t<meta property=\"og:image:type\" content=\"image\/jpeg\" \/>\n<meta name=\"author\" content=\"ResidenceLiguria\" \/>\n<meta name=\"twitter:card\" content=\"summary_large_image\" \/>\n<meta name=\"twitter:creator\" content=\"@liguriavacanze\" \/>\n<meta name=\"twitter:site\" content=\"@liguriavacanze\" \/>\n<meta name=\"twitter:label1\" content=\"Scritto da\" \/>\n\t<meta name=\"twitter:data1\" content=\"ResidenceLiguria\" \/>\n\t<meta name=\"twitter:label2\" content=\"Tempo di lettura stimato\" \/>\n\t<meta name=\"twitter:data2\" content=\"3 minuti\" \/>\n<script type=\"application\/ld+json\" class=\"yoast-schema-graph\">{\"@context\":\"https:\/\/schema.org\",\"@graph\":[{\"@type\":\"Article\",\"@id\":\"https:\/\/blog.residenceliguria.com\/de\/larea-marina-protetta-dellisola-bergeggi\/#article\",\"isPartOf\":{\"@id\":\"https:\/\/blog.residenceliguria.com\/de\/larea-marina-protetta-dellisola-bergeggi\/\"},\"author\":{\"name\":\"ResidenceLiguria\",\"@id\":\"https:\/\/blog.residenceliguria.com\/it\/#\/schema\/person\/56d50e78d9e43765ffcfce591fb5d129\"},\"headline\":\"L&#8217;area marina protetta dell&#8217;Isola di Bergeggi\",\"datePublished\":\"2017-08-14T08:00:17+00:00\",\"dateModified\":\"2017-12-12T14:07:59+00:00\",\"mainEntityOfPage\":{\"@id\":\"https:\/\/blog.residenceliguria.com\/de\/larea-marina-protetta-dellisola-bergeggi\/\"},\"wordCount\":563,\"commentCount\":0,\"publisher\":{\"@id\":\"https:\/\/blog.residenceliguria.com\/it\/#organization\"},\"image\":{\"@id\":\"https:\/\/blog.residenceliguria.com\/de\/larea-marina-protetta-dellisola-bergeggi\/#primaryimage\"},\"thumbnailUrl\":\"https:\/\/blog.residenceliguria.com\/wp-content\/uploads\/2017\/08\/Isola_di_Bergeggi.jpg\",\"keywords\":[\"bambini\",\"Bergeggi\",\"Noli\",\"Savona\"],\"articleSection\":[\"Natura\"],\"inLanguage\":\"it-IT\",\"potentialAction\":[{\"@type\":\"CommentAction\",\"name\":\"Comment\",\"target\":[\"https:\/\/blog.residenceliguria.com\/de\/larea-marina-protetta-dellisola-bergeggi\/#respond\"]}]},{\"@type\":\"WebPage\",\"@id\":\"https:\/\/blog.residenceliguria.com\/de\/larea-marina-protetta-dellisola-bergeggi\/\",\"url\":\"https:\/\/blog.residenceliguria.com\/de\/larea-marina-protetta-dellisola-bergeggi\/\",\"name\":\"L'area marina protetta dell'Isola di Bergeggi - Il Blog di Residence di Liguria\",\"isPartOf\":{\"@id\":\"https:\/\/blog.residenceliguria.com\/it\/#website\"},\"primaryImageOfPage\":{\"@id\":\"https:\/\/blog.residenceliguria.com\/de\/larea-marina-protetta-dellisola-bergeggi\/#primaryimage\"},\"image\":{\"@id\":\"https:\/\/blog.residenceliguria.com\/de\/larea-marina-protetta-dellisola-bergeggi\/#primaryimage\"},\"thumbnailUrl\":\"https:\/\/blog.residenceliguria.com\/wp-content\/uploads\/2017\/08\/Isola_di_Bergeggi.jpg\",\"datePublished\":\"2017-08-14T08:00:17+00:00\",\"dateModified\":\"2017-12-12T14:07:59+00:00\",\"description\":\"Andiamo alla scoperta dell'isola di Bergeggi, area marina protetta in provincia di Savona dove scoprire grotte, coralli e stelle marine.\",\"breadcrumb\":{\"@id\":\"https:\/\/blog.residenceliguria.com\/de\/larea-marina-protetta-dellisola-bergeggi\/#breadcrumb\"},\"inLanguage\":\"it-IT\",\"potentialAction\":[{\"@type\":\"ReadAction\",\"target\":[\"https:\/\/blog.residenceliguria.com\/de\/larea-marina-protetta-dellisola-bergeggi\/\"]}]},{\"@type\":\"ImageObject\",\"inLanguage\":\"it-IT\",\"@id\":\"https:\/\/blog.residenceliguria.com\/de\/larea-marina-protetta-dellisola-bergeggi\/#primaryimage\",\"url\":\"https:\/\/blog.residenceliguria.com\/wp-content\/uploads\/2017\/08\/Isola_di_Bergeggi.jpg\",\"contentUrl\":\"https:\/\/blog.residenceliguria.com\/wp-content\/uploads\/2017\/08\/Isola_di_Bergeggi.jpg\",\"width\":1200,\"height\":621},{\"@type\":\"BreadcrumbList\",\"@id\":\"https:\/\/blog.residenceliguria.com\/de\/larea-marina-protetta-dellisola-bergeggi\/#breadcrumb\",\"itemListElement\":[{\"@type\":\"ListItem\",\"position\":1,\"name\":\"Home\",\"item\":\"https:\/\/blog.residenceliguria.com\/it\/\"},{\"@type\":\"ListItem\",\"position\":2,\"name\":\"(Italiano) L&#8217;area marina protetta dell&#8217;Isola di Bergeggi\"}]},{\"@type\":\"WebSite\",\"@id\":\"https:\/\/blog.residenceliguria.com\/it\/#website\",\"url\":\"https:\/\/blog.residenceliguria.com\/it\/\",\"name\":\"Il Blog di Residence di Liguria\",\"description\":\"Idee, suggerimenti, ispirazioni per visitare la Liguria\",\"publisher\":{\"@id\":\"https:\/\/blog.residenceliguria.com\/it\/#organization\"},\"potentialAction\":[{\"@type\":\"SearchAction\",\"target\":{\"@type\":\"EntryPoint\",\"urlTemplate\":\"https:\/\/blog.residenceliguria.com\/it\/?s={search_term_string}\"},\"query-input\":{\"@type\":\"PropertyValueSpecification\",\"valueRequired\":true,\"valueName\":\"search_term_string\"}}],\"inLanguage\":\"it-IT\"},{\"@type\":\"Organization\",\"@id\":\"https:\/\/blog.residenceliguria.com\/it\/#organization\",\"name\":\"Il Blog di Residence di Liguria\",\"url\":\"https:\/\/blog.residenceliguria.com\/it\/\",\"logo\":{\"@type\":\"ImageObject\",\"inLanguage\":\"it-IT\",\"@id\":\"https:\/\/blog.residenceliguria.com\/it\/#\/schema\/logo\/image\/\",\"url\":\"https:\/\/blog.residenceliguria.com\/wp-content\/uploads\/2017\/01\/logo.jpg\",\"contentUrl\":\"https:\/\/blog.residenceliguria.com\/wp-content\/uploads\/2017\/01\/logo.jpg\",\"width\":149,\"height\":220,\"caption\":\"Il Blog di Residence di Liguria\"},\"image\":{\"@id\":\"https:\/\/blog.residenceliguria.com\/it\/#\/schema\/logo\/image\/\"},\"sameAs\":[\"https:\/\/www.facebook.com\/ResidenceDiLiguria\",\"https:\/\/x.com\/liguriavacanze\",\"https:\/\/www.instagram.com\/residencediliguria\/\",\"https:\/\/it.pinterest.com\/liguriavacanze\/\"]},{\"@type\":\"Person\",\"@id\":\"https:\/\/blog.residenceliguria.com\/it\/#\/schema\/person\/56d50e78d9e43765ffcfce591fb5d129\",\"name\":\"ResidenceLiguria\",\"url\":\"https:\/\/blog.residenceliguria.com\/it\/author\/residenceliguria\/\"}]}<\/script>\n<!-- \/ Yoast SEO plugin. -->","yoast_head_json":{"title":"L'area marina protetta dell'Isola di Bergeggi - Il Blog di Residence di Liguria","description":"Andiamo alla scoperta dell'isola di Bergeggi, area marina protetta in provincia di Savona dove scoprire grotte, coralli e stelle marine.","robots":{"index":"index","follow":"follow","max-snippet":"max-snippet:-1","max-image-preview":"max-image-preview:large","max-video-preview":"max-video-preview:-1"},"canonical":"https:\/\/blog.residenceliguria.com\/de\/larea-marina-protetta-dellisola-bergeggi\/","og_locale":"it_IT","og_type":"article","og_title":"L'area marina protetta dell'Isola di Bergeggi - Il Blog di Residence di Liguria","og_description":"Andiamo alla scoperta dell'isola di Bergeggi, area marina protetta in provincia di Savona dove scoprire grotte, coralli e stelle marine.","og_url":"https:\/\/blog.residenceliguria.com\/de\/larea-marina-protetta-dellisola-bergeggi\/","og_site_name":"Il Blog di Residence di Liguria","article_publisher":"https:\/\/www.facebook.com\/ResidenceDiLiguria","article_published_time":"2017-08-14T08:00:17+00:00","article_modified_time":"2017-12-12T14:07:59+00:00","og_image":[{"width":1200,"height":621,"url":"https:\/\/blog.residenceliguria.com\/wp-content\/uploads\/2017\/08\/Isola_di_Bergeggi.jpg","type":"image\/jpeg"}],"author":"ResidenceLiguria","twitter_card":"summary_large_image","twitter_creator":"@liguriavacanze","twitter_site":"@liguriavacanze","twitter_misc":{"Scritto da":"ResidenceLiguria","Tempo di lettura stimato":"3 minuti"},"schema":{"@context":"https:\/\/schema.org","@graph":[{"@type":"Article","@id":"https:\/\/blog.residenceliguria.com\/de\/larea-marina-protetta-dellisola-bergeggi\/#article","isPartOf":{"@id":"https:\/\/blog.residenceliguria.com\/de\/larea-marina-protetta-dellisola-bergeggi\/"},"author":{"name":"ResidenceLiguria","@id":"https:\/\/blog.residenceliguria.com\/it\/#\/schema\/person\/56d50e78d9e43765ffcfce591fb5d129"},"headline":"L&#8217;area marina protetta dell&#8217;Isola di Bergeggi","datePublished":"2017-08-14T08:00:17+00:00","dateModified":"2017-12-12T14:07:59+00:00","mainEntityOfPage":{"@id":"https:\/\/blog.residenceliguria.com\/de\/larea-marina-protetta-dellisola-bergeggi\/"},"wordCount":563,"commentCount":0,"publisher":{"@id":"https:\/\/blog.residenceliguria.com\/it\/#organization"},"image":{"@id":"https:\/\/blog.residenceliguria.com\/de\/larea-marina-protetta-dellisola-bergeggi\/#primaryimage"},"thumbnailUrl":"https:\/\/blog.residenceliguria.com\/wp-content\/uploads\/2017\/08\/Isola_di_Bergeggi.jpg","keywords":["bambini","Bergeggi","Noli","Savona"],"articleSection":["Natura"],"inLanguage":"it-IT","potentialAction":[{"@type":"CommentAction","name":"Comment","target":["https:\/\/blog.residenceliguria.com\/de\/larea-marina-protetta-dellisola-bergeggi\/#respond"]}]},{"@type":"WebPage","@id":"https:\/\/blog.residenceliguria.com\/de\/larea-marina-protetta-dellisola-bergeggi\/","url":"https:\/\/blog.residenceliguria.com\/de\/larea-marina-protetta-dellisola-bergeggi\/","name":"L'area marina protetta dell'Isola di Bergeggi - Il Blog di Residence di Liguria","isPartOf":{"@id":"https:\/\/blog.residenceliguria.com\/it\/#website"},"primaryImageOfPage":{"@id":"https:\/\/blog.residenceliguria.com\/de\/larea-marina-protetta-dellisola-bergeggi\/#primaryimage"},"image":{"@id":"https:\/\/blog.residenceliguria.com\/de\/larea-marina-protetta-dellisola-bergeggi\/#primaryimage"},"thumbnailUrl":"https:\/\/blog.residenceliguria.com\/wp-content\/uploads\/2017\/08\/Isola_di_Bergeggi.jpg","datePublished":"2017-08-14T08:00:17+00:00","dateModified":"2017-12-12T14:07:59+00:00","description":"Andiamo alla scoperta dell'isola di Bergeggi, area marina protetta in provincia di Savona dove scoprire grotte, coralli e stelle marine.","breadcrumb":{"@id":"https:\/\/blog.residenceliguria.com\/de\/larea-marina-protetta-dellisola-bergeggi\/#breadcrumb"},"inLanguage":"it-IT","potentialAction":[{"@type":"ReadAction","target":["https:\/\/blog.residenceliguria.com\/de\/larea-marina-protetta-dellisola-bergeggi\/"]}]},{"@type":"ImageObject","inLanguage":"it-IT","@id":"https:\/\/blog.residenceliguria.com\/de\/larea-marina-protetta-dellisola-bergeggi\/#primaryimage","url":"https:\/\/blog.residenceliguria.com\/wp-content\/uploads\/2017\/08\/Isola_di_Bergeggi.jpg","contentUrl":"https:\/\/blog.residenceliguria.com\/wp-content\/uploads\/2017\/08\/Isola_di_Bergeggi.jpg","width":1200,"height":621},{"@type":"BreadcrumbList","@id":"https:\/\/blog.residenceliguria.com\/de\/larea-marina-protetta-dellisola-bergeggi\/#breadcrumb","itemListElement":[{"@type":"ListItem","position":1,"name":"Home","item":"https:\/\/blog.residenceliguria.com\/it\/"},{"@type":"ListItem","position":2,"name":"(Italiano) L&#8217;area marina protetta dell&#8217;Isola di Bergeggi"}]},{"@type":"WebSite","@id":"https:\/\/blog.residenceliguria.com\/it\/#website","url":"https:\/\/blog.residenceliguria.com\/it\/","name":"Il Blog di Residence di Liguria","description":"Idee, suggerimenti, ispirazioni per visitare la Liguria","publisher":{"@id":"https:\/\/blog.residenceliguria.com\/it\/#organization"},"potentialAction":[{"@type":"SearchAction","target":{"@type":"EntryPoint","urlTemplate":"https:\/\/blog.residenceliguria.com\/it\/?s={search_term_string}"},"query-input":{"@type":"PropertyValueSpecification","valueRequired":true,"valueName":"search_term_string"}}],"inLanguage":"it-IT"},{"@type":"Organization","@id":"https:\/\/blog.residenceliguria.com\/it\/#organization","name":"Il Blog di Residence di Liguria","url":"https:\/\/blog.residenceliguria.com\/it\/","logo":{"@type":"ImageObject","inLanguage":"it-IT","@id":"https:\/\/blog.residenceliguria.com\/it\/#\/schema\/logo\/image\/","url":"https:\/\/blog.residenceliguria.com\/wp-content\/uploads\/2017\/01\/logo.jpg","contentUrl":"https:\/\/blog.residenceliguria.com\/wp-content\/uploads\/2017\/01\/logo.jpg","width":149,"height":220,"caption":"Il Blog di Residence di Liguria"},"image":{"@id":"https:\/\/blog.residenceliguria.com\/it\/#\/schema\/logo\/image\/"},"sameAs":["https:\/\/www.facebook.com\/ResidenceDiLiguria","https:\/\/x.com\/liguriavacanze","https:\/\/www.instagram.com\/residencediliguria\/","https:\/\/it.pinterest.com\/liguriavacanze\/"]},{"@type":"Person","@id":"https:\/\/blog.residenceliguria.com\/it\/#\/schema\/person\/56d50e78d9e43765ffcfce591fb5d129","name":"ResidenceLiguria","url":"https:\/\/blog.residenceliguria.com\/it\/author\/residenceliguria\/"}]}},"wps_subtitle":"Scopriamo questo splendido lembo di terra","_links":{"self":[{"href":"https:\/\/blog.residenceliguria.com\/it\/wp-json\/wp\/v2\/posts\/501","targetHints":{"allow":["GET"]}}],"collection":[{"href":"https:\/\/blog.residenceliguria.com\/it\/wp-json\/wp\/v2\/posts"}],"about":[{"href":"https:\/\/blog.residenceliguria.com\/it\/wp-json\/wp\/v2\/types\/post"}],"author":[{"embeddable":true,"href":"https:\/\/blog.residenceliguria.com\/it\/wp-json\/wp\/v2\/users\/1"}],"replies":[{"embeddable":true,"href":"https:\/\/blog.residenceliguria.com\/it\/wp-json\/wp\/v2\/comments?post=501"}],"version-history":[{"count":2,"href":"https:\/\/blog.residenceliguria.com\/it\/wp-json\/wp\/v2\/posts\/501\/revisions"}],"predecessor-version":[{"id":741,"href":"https:\/\/blog.residenceliguria.com\/it\/wp-json\/wp\/v2\/posts\/501\/revisions\/741"}],"wp:featuredmedia":[{"embeddable":true,"href":"https:\/\/blog.residenceliguria.com\/it\/wp-json\/wp\/v2\/media\/502"}],"wp:attachment":[{"href":"https:\/\/blog.residenceliguria.com\/it\/wp-json\/wp\/v2\/media?parent=501"}],"wp:term":[{"taxonomy":"category","embeddable":true,"href":"https:\/\/blog.residenceliguria.com\/it\/wp-json\/wp\/v2\/categories?post=501"},{"taxonomy":"post_tag","embeddable":true,"href":"https:\/\/blog.residenceliguria.com\/it\/wp-json\/wp\/v2\/tags?post=501"}],"curies":[{"name":"wp","href":"https:\/\/api.w.org\/{rel}","templated":true}]}}