{"id":438,"date":"2017-07-11T14:58:54","date_gmt":"2017-07-11T12:58:54","guid":{"rendered":"http:\/\/blog.residenceliguria.com\/?p=438"},"modified":"2019-01-08T10:40:53","modified_gmt":"2019-01-08T09:40:53","slug":"la-festa-della-madonna-bianca-portovenere","status":"publish","type":"post","link":"https:\/\/blog.residenceliguria.com\/it\/la-festa-della-madonna-bianca-portovenere\/","title":{"rendered":"La Festa della Madonna Bianca di Portovenere"},"content":{"rendered":"<!-- Added by Post\/Page Specific Custom Code plugin, thank you for using! -->\n<style>.contenitorepost {\r\n    height: 540px;\r\n}<\/style>\n<p>Porto Venere \u00e8 un borgo dal grande fascino, soprattutto grazie alla chiesa di San Pietro, la quale sorge su una roccia a picco sul mare e di fronte a s\u00e9 ha la bellissima isola della Palmaria.<\/p>\n<p>Immaginate questo promontorio roccioso e il paese la sera, <strong>illuminati solo dalla luce dorata delle lanterne<\/strong>, che si riflette sul mare, creando cos\u00ec uno scenario ancora pi\u00f9 suggestivo. Avete l\u2019occasione di vedere Porto Venere sotto questa veste <strong>il 17 agosto<\/strong>: ogni anno, in questa data, viene festeggiata la <strong>Madonna Bianca<\/strong>.<\/p>\n<p>\u00c8 una tradizione molto antica e molto sentita dagli abitanti del borgo e non solo, infatti sono diverse le cerimonie religiose che si svolgono nel corso della giornata e sono migliaia le persone, devote o meno, che affollano le vie del paese quella sera.<\/p>\n<p><strong>La festa della Madonna Bianca<\/strong> \u00e8 il ricordo di un miracolo, avvenuto il 16 agosto del 1399. Quella sera un uomo di nome Luciardo stava pregando davanti a un\u2019icona della Madonna. Nella stanza c\u2019era anche un\u2019immagine mariana un po\u2019 pi\u00f9 vecchia e scurita dal tempo. Era giunta in paese \u2013 cos\u00ec si narra \u2013 via mare, custodita in un tronco di cedro del Libano, come si usava fare all\u2019epoca con le reliquie e alcuni oggetti preziosi. A un certo punto Luciardo si accorse che l\u2019immagine sacra si stava schiarendo, stavano tornando i colori. Rimase sorpreso e continu\u00f2 a fissare la vecchia icona per essere sicuro. Cos\u00ec vide che le mani della Vergine si giunsero in preghiera e piano piano, tra le piccole mani del figlio Ges\u00f9, comparve un cartiglio con un messaggio che invitava alla preghiera e alla conversione. A quel punto Luciardo fu certo di quello che aveva visto e inizi\u00f2 a diffondere la notizia nel paese, cos\u00ec in poco tempo la sua casa si riemp\u00ec di curiosi. Il miracolo dur\u00f2 qualche ora e questo permise di accertarlo e certificarlo legalmente, con un atto del notaio Giovanni di Michele da Vernazza. L\u2019icona fu poi portata in processione per il paese sino alla chiesa di San Lorenzo, dov\u2019\u00e8 custodita ancora oggi, insieme al cedro che l\u2019ha portata a Porto Venere.<\/p>\n<p>Da quel giorno il paese commemora quel momento, con cerimonie religiose presso la chiesa di San Lorenzo e canti. Alla sera si svolge la tradizionale processione, che porta la Madonna Bianca per le vie del paese, con tappa alla chiesa di San Pietro; di solito <strong>a partire dalle ore 21<\/strong>. Questo \u00e8 il momento pi\u00f9 magico e pi\u00f9 atteso della giornata, con <strong>Porto Venere che splende<\/strong> grazie alla luce dei caratteristici \u201c<em>padelloni<\/em>\u201d, sono davvero tantissimi \u2013 circa 1.600 \u2013 disseminati anche sulle rocce intorno alla chiesa. In molti, con la loro barca, si ancorano di fronte a San Pietro, per <strong>ammirare il paese illuminato a festa<\/strong>, creando cos\u00ec un insolito scenario nelle acque del canale di Porto Venere.<\/p>\n<div class=\"spazio30\"><\/div>\n<p><img loading=\"lazy\" decoding=\"async\" class=\"aligncenter size-full wp-image-441 img-responsive\" src=\"http:\/\/blog.residenceliguria.com\/wp-content\/uploads\/2017\/07\/porto-venere-madonna-bianca.jpg\" alt=\"Madonna Bianca di PortoVenere\" width=\"1253\" height=\"656\" srcset=\"https:\/\/blog.residenceliguria.com\/wp-content\/uploads\/2017\/07\/porto-venere-madonna-bianca.jpg 1253w, https:\/\/blog.residenceliguria.com\/wp-content\/uploads\/2017\/07\/porto-venere-madonna-bianca-300x157.jpg 300w, https:\/\/blog.residenceliguria.com\/wp-content\/uploads\/2017\/07\/porto-venere-madonna-bianca-768x402.jpg 768w, https:\/\/blog.residenceliguria.com\/wp-content\/uploads\/2017\/07\/porto-venere-madonna-bianca-1024x536.jpg 1024w\" sizes=\"auto, (max-width: 1253px) 100vw, 1253px\" \/><\/p>\n<div class=\"spazio30\"><\/div>\n<h3>Come raggiungere Portovenere per la Festa della Madonna Bianca: autobus e traghetto<\/h3>\n<p>Visto che il paese viene letteralmente invaso da devoti, turisti e curiosi e i parcheggi per le auto sono limitati, vi consigliamo di raggiungerlo con l\u2019<strong>autobus<\/strong> \u2013 linea P e 11, con aggiunta di alcune corse supplementari \u2013 oppure, meglio ancora, con il <strong>battello<\/strong>: sono infatti previsti traghetti speciali per l&#8217;evento. Le partenze previste sono dai moli della Spezia, di Lerici, di Levanto, di Cadimare, di Monterosso e delle Grazie, ma anche dalla Toscana.<\/p>","protected":false},"excerpt":{"rendered":"<p>Porto Venere \u00e8 un borgo dal grande fascino, soprattutto grazie alla chiesa di San Pietro, la quale sorge su una roccia a picco sul mare e di fronte a s\u00e9 ha la bellissima isola della Palmaria. Immaginate questo promontorio roccioso e il paese la sera, illuminati solo dalla luce dorata delle lanterne, che si riflette &hellip;<\/p>\n","protected":false},"author":1,"featured_media":440,"comment_status":"open","ping_status":"open","sticky":false,"template":"","format":"standard","meta":{"footnotes":""},"categories":[2],"tags":[95,199,195],"class_list":["post-438","post","type-post","status-publish","format-standard","has-post-thumbnail","hentry","category-eventi","tag-la-spezia","tag-porto-venere","tag-portovenere"],"yoast_head":"<!-- This site is optimized with the Yoast SEO plugin v23.6 - https:\/\/yoast.com\/wordpress\/plugins\/seo\/ -->\n<title>Festa della Madonna Bianca di Portovenere 2019 - Il Blog di Residence di Liguria<\/title>\n<meta name=\"description\" content=\"Ogni 17 agosto Porto Venere si illumina solo dalla luce dorata delle lanterne, per celebrare questo spettacolare evento: la Festa della Madonna Bianca. Non perdetevela!\" \/>\n<meta name=\"robots\" content=\"index, follow, max-snippet:-1, max-image-preview:large, max-video-preview:-1\" \/>\n<link rel=\"canonical\" href=\"https:\/\/blog.residenceliguria.com\/it\/la-festa-della-madonna-bianca-portovenere\/\" \/>\n<meta property=\"og:locale\" content=\"it_IT\" \/>\n<meta property=\"og:type\" content=\"article\" \/>\n<meta property=\"og:title\" content=\"Festa della Madonna Bianca di Portovenere 2019 - Il Blog di Residence di Liguria\" \/>\n<meta property=\"og:description\" content=\"Ogni 17 agosto Porto Venere si illumina solo dalla luce dorata delle lanterne, per celebrare questo spettacolare evento: la Festa della Madonna Bianca. Non perdetevela!\" \/>\n<meta property=\"og:url\" content=\"https:\/\/blog.residenceliguria.com\/it\/la-festa-della-madonna-bianca-portovenere\/\" \/>\n<meta property=\"og:site_name\" content=\"Il Blog di Residence di Liguria\" \/>\n<meta property=\"article:publisher\" content=\"https:\/\/www.facebook.com\/ResidenceDiLiguria\" \/>\n<meta property=\"article:published_time\" content=\"2017-07-11T12:58:54+00:00\" \/>\n<meta property=\"article:modified_time\" content=\"2019-01-08T09:40:53+00:00\" \/>\n<meta property=\"og:image\" content=\"https:\/\/blog.residenceliguria.com\/wp-content\/uploads\/2017\/07\/madonna-bianca-portovenere.jpg\" \/>\n\t<meta property=\"og:image:width\" content=\"800\" \/>\n\t<meta property=\"og:image:height\" content=\"525\" \/>\n\t<meta property=\"og:image:type\" content=\"image\/jpeg\" \/>\n<meta name=\"author\" content=\"ResidenceLiguria\" \/>\n<meta name=\"twitter:card\" content=\"summary_large_image\" \/>\n<meta name=\"twitter:creator\" content=\"@liguriavacanze\" \/>\n<meta name=\"twitter:site\" content=\"@liguriavacanze\" \/>\n<meta name=\"twitter:label1\" content=\"Scritto da\" \/>\n\t<meta name=\"twitter:data1\" content=\"ResidenceLiguria\" \/>\n\t<meta name=\"twitter:label2\" content=\"Tempo di lettura stimato\" \/>\n\t<meta name=\"twitter:data2\" content=\"3 minuti\" \/>\n<script type=\"application\/ld+json\" class=\"yoast-schema-graph\">{\"@context\":\"https:\/\/schema.org\",\"@graph\":[{\"@type\":\"Article\",\"@id\":\"https:\/\/blog.residenceliguria.com\/it\/la-festa-della-madonna-bianca-portovenere\/#article\",\"isPartOf\":{\"@id\":\"https:\/\/blog.residenceliguria.com\/it\/la-festa-della-madonna-bianca-portovenere\/\"},\"author\":{\"name\":\"ResidenceLiguria\",\"@id\":\"https:\/\/blog.residenceliguria.com\/it\/#\/schema\/person\/56d50e78d9e43765ffcfce591fb5d129\"},\"headline\":\"La Festa della Madonna Bianca di Portovenere\",\"datePublished\":\"2017-07-11T12:58:54+00:00\",\"dateModified\":\"2019-01-08T09:40:53+00:00\",\"mainEntityOfPage\":{\"@id\":\"https:\/\/blog.residenceliguria.com\/it\/la-festa-della-madonna-bianca-portovenere\/\"},\"wordCount\":556,\"commentCount\":8,\"publisher\":{\"@id\":\"https:\/\/blog.residenceliguria.com\/it\/#organization\"},\"image\":{\"@id\":\"https:\/\/blog.residenceliguria.com\/it\/la-festa-della-madonna-bianca-portovenere\/#primaryimage\"},\"thumbnailUrl\":\"https:\/\/blog.residenceliguria.com\/wp-content\/uploads\/2017\/07\/madonna-bianca-portovenere.jpg\",\"keywords\":[\"La Spezia\",\"Porto Venere\",\"Portovenere\"],\"articleSection\":[\"Eventi\"],\"inLanguage\":\"it-IT\",\"potentialAction\":[{\"@type\":\"CommentAction\",\"name\":\"Comment\",\"target\":[\"https:\/\/blog.residenceliguria.com\/it\/la-festa-della-madonna-bianca-portovenere\/#respond\"]}]},{\"@type\":\"WebPage\",\"@id\":\"https:\/\/blog.residenceliguria.com\/it\/la-festa-della-madonna-bianca-portovenere\/\",\"url\":\"https:\/\/blog.residenceliguria.com\/it\/la-festa-della-madonna-bianca-portovenere\/\",\"name\":\"Festa della Madonna Bianca di Portovenere 2019 - Il Blog di Residence di Liguria\",\"isPartOf\":{\"@id\":\"https:\/\/blog.residenceliguria.com\/it\/#website\"},\"primaryImageOfPage\":{\"@id\":\"https:\/\/blog.residenceliguria.com\/it\/la-festa-della-madonna-bianca-portovenere\/#primaryimage\"},\"image\":{\"@id\":\"https:\/\/blog.residenceliguria.com\/it\/la-festa-della-madonna-bianca-portovenere\/#primaryimage\"},\"thumbnailUrl\":\"https:\/\/blog.residenceliguria.com\/wp-content\/uploads\/2017\/07\/madonna-bianca-portovenere.jpg\",\"datePublished\":\"2017-07-11T12:58:54+00:00\",\"dateModified\":\"2019-01-08T09:40:53+00:00\",\"description\":\"Ogni 17 agosto Porto Venere si illumina solo dalla luce dorata delle lanterne, per celebrare questo spettacolare evento: la Festa della Madonna Bianca. Non perdetevela!\",\"breadcrumb\":{\"@id\":\"https:\/\/blog.residenceliguria.com\/it\/la-festa-della-madonna-bianca-portovenere\/#breadcrumb\"},\"inLanguage\":\"it-IT\",\"potentialAction\":[{\"@type\":\"ReadAction\",\"target\":[\"https:\/\/blog.residenceliguria.com\/it\/la-festa-della-madonna-bianca-portovenere\/\"]}]},{\"@type\":\"ImageObject\",\"inLanguage\":\"it-IT\",\"@id\":\"https:\/\/blog.residenceliguria.com\/it\/la-festa-della-madonna-bianca-portovenere\/#primaryimage\",\"url\":\"https:\/\/blog.residenceliguria.com\/wp-content\/uploads\/2017\/07\/madonna-bianca-portovenere.jpg\",\"contentUrl\":\"https:\/\/blog.residenceliguria.com\/wp-content\/uploads\/2017\/07\/madonna-bianca-portovenere.jpg\",\"width\":800,\"height\":525},{\"@type\":\"BreadcrumbList\",\"@id\":\"https:\/\/blog.residenceliguria.com\/it\/la-festa-della-madonna-bianca-portovenere\/#breadcrumb\",\"itemListElement\":[{\"@type\":\"ListItem\",\"position\":1,\"name\":\"Home\",\"item\":\"https:\/\/blog.residenceliguria.com\/it\/\"},{\"@type\":\"ListItem\",\"position\":2,\"name\":\"La Festa della Madonna Bianca di Portovenere\"}]},{\"@type\":\"WebSite\",\"@id\":\"https:\/\/blog.residenceliguria.com\/it\/#website\",\"url\":\"https:\/\/blog.residenceliguria.com\/it\/\",\"name\":\"Il Blog di Residence di Liguria\",\"description\":\"Idee, suggerimenti, ispirazioni per visitare la Liguria\",\"publisher\":{\"@id\":\"https:\/\/blog.residenceliguria.com\/it\/#organization\"},\"potentialAction\":[{\"@type\":\"SearchAction\",\"target\":{\"@type\":\"EntryPoint\",\"urlTemplate\":\"https:\/\/blog.residenceliguria.com\/it\/?s={search_term_string}\"},\"query-input\":{\"@type\":\"PropertyValueSpecification\",\"valueRequired\":true,\"valueName\":\"search_term_string\"}}],\"inLanguage\":\"it-IT\"},{\"@type\":\"Organization\",\"@id\":\"https:\/\/blog.residenceliguria.com\/it\/#organization\",\"name\":\"Il Blog di Residence di Liguria\",\"url\":\"https:\/\/blog.residenceliguria.com\/it\/\",\"logo\":{\"@type\":\"ImageObject\",\"inLanguage\":\"it-IT\",\"@id\":\"https:\/\/blog.residenceliguria.com\/it\/#\/schema\/logo\/image\/\",\"url\":\"https:\/\/blog.residenceliguria.com\/wp-content\/uploads\/2017\/01\/logo.jpg\",\"contentUrl\":\"https:\/\/blog.residenceliguria.com\/wp-content\/uploads\/2017\/01\/logo.jpg\",\"width\":149,\"height\":220,\"caption\":\"Il Blog di Residence di Liguria\"},\"image\":{\"@id\":\"https:\/\/blog.residenceliguria.com\/it\/#\/schema\/logo\/image\/\"},\"sameAs\":[\"https:\/\/www.facebook.com\/ResidenceDiLiguria\",\"https:\/\/x.com\/liguriavacanze\",\"https:\/\/www.instagram.com\/residencediliguria\/\",\"https:\/\/it.pinterest.com\/liguriavacanze\/\"]},{\"@type\":\"Person\",\"@id\":\"https:\/\/blog.residenceliguria.com\/it\/#\/schema\/person\/56d50e78d9e43765ffcfce591fb5d129\",\"name\":\"ResidenceLiguria\",\"url\":\"https:\/\/blog.residenceliguria.com\/it\/author\/residenceliguria\/\"}]}<\/script>\n<!-- \/ Yoast SEO plugin. -->","yoast_head_json":{"title":"Festa della Madonna Bianca di Portovenere 2019 - Il Blog di Residence di Liguria","description":"Ogni 17 agosto Porto Venere si illumina solo dalla luce dorata delle lanterne, per celebrare questo spettacolare evento: la Festa della Madonna Bianca. Non perdetevela!","robots":{"index":"index","follow":"follow","max-snippet":"max-snippet:-1","max-image-preview":"max-image-preview:large","max-video-preview":"max-video-preview:-1"},"canonical":"https:\/\/blog.residenceliguria.com\/it\/la-festa-della-madonna-bianca-portovenere\/","og_locale":"it_IT","og_type":"article","og_title":"Festa della Madonna Bianca di Portovenere 2019 - Il Blog di Residence di Liguria","og_description":"Ogni 17 agosto Porto Venere si illumina solo dalla luce dorata delle lanterne, per celebrare questo spettacolare evento: la Festa della Madonna Bianca. Non perdetevela!","og_url":"https:\/\/blog.residenceliguria.com\/it\/la-festa-della-madonna-bianca-portovenere\/","og_site_name":"Il Blog di Residence di Liguria","article_publisher":"https:\/\/www.facebook.com\/ResidenceDiLiguria","article_published_time":"2017-07-11T12:58:54+00:00","article_modified_time":"2019-01-08T09:40:53+00:00","og_image":[{"width":800,"height":525,"url":"https:\/\/blog.residenceliguria.com\/wp-content\/uploads\/2017\/07\/madonna-bianca-portovenere.jpg","type":"image\/jpeg"}],"author":"ResidenceLiguria","twitter_card":"summary_large_image","twitter_creator":"@liguriavacanze","twitter_site":"@liguriavacanze","twitter_misc":{"Scritto da":"ResidenceLiguria","Tempo di lettura stimato":"3 minuti"},"schema":{"@context":"https:\/\/schema.org","@graph":[{"@type":"Article","@id":"https:\/\/blog.residenceliguria.com\/it\/la-festa-della-madonna-bianca-portovenere\/#article","isPartOf":{"@id":"https:\/\/blog.residenceliguria.com\/it\/la-festa-della-madonna-bianca-portovenere\/"},"author":{"name":"ResidenceLiguria","@id":"https:\/\/blog.residenceliguria.com\/it\/#\/schema\/person\/56d50e78d9e43765ffcfce591fb5d129"},"headline":"La Festa della Madonna Bianca di Portovenere","datePublished":"2017-07-11T12:58:54+00:00","dateModified":"2019-01-08T09:40:53+00:00","mainEntityOfPage":{"@id":"https:\/\/blog.residenceliguria.com\/it\/la-festa-della-madonna-bianca-portovenere\/"},"wordCount":556,"commentCount":8,"publisher":{"@id":"https:\/\/blog.residenceliguria.com\/it\/#organization"},"image":{"@id":"https:\/\/blog.residenceliguria.com\/it\/la-festa-della-madonna-bianca-portovenere\/#primaryimage"},"thumbnailUrl":"https:\/\/blog.residenceliguria.com\/wp-content\/uploads\/2017\/07\/madonna-bianca-portovenere.jpg","keywords":["La Spezia","Porto Venere","Portovenere"],"articleSection":["Eventi"],"inLanguage":"it-IT","potentialAction":[{"@type":"CommentAction","name":"Comment","target":["https:\/\/blog.residenceliguria.com\/it\/la-festa-della-madonna-bianca-portovenere\/#respond"]}]},{"@type":"WebPage","@id":"https:\/\/blog.residenceliguria.com\/it\/la-festa-della-madonna-bianca-portovenere\/","url":"https:\/\/blog.residenceliguria.com\/it\/la-festa-della-madonna-bianca-portovenere\/","name":"Festa della Madonna Bianca di Portovenere 2019 - Il Blog di Residence di Liguria","isPartOf":{"@id":"https:\/\/blog.residenceliguria.com\/it\/#website"},"primaryImageOfPage":{"@id":"https:\/\/blog.residenceliguria.com\/it\/la-festa-della-madonna-bianca-portovenere\/#primaryimage"},"image":{"@id":"https:\/\/blog.residenceliguria.com\/it\/la-festa-della-madonna-bianca-portovenere\/#primaryimage"},"thumbnailUrl":"https:\/\/blog.residenceliguria.com\/wp-content\/uploads\/2017\/07\/madonna-bianca-portovenere.jpg","datePublished":"2017-07-11T12:58:54+00:00","dateModified":"2019-01-08T09:40:53+00:00","description":"Ogni 17 agosto Porto Venere si illumina solo dalla luce dorata delle lanterne, per celebrare questo spettacolare evento: la Festa della Madonna Bianca. Non perdetevela!","breadcrumb":{"@id":"https:\/\/blog.residenceliguria.com\/it\/la-festa-della-madonna-bianca-portovenere\/#breadcrumb"},"inLanguage":"it-IT","potentialAction":[{"@type":"ReadAction","target":["https:\/\/blog.residenceliguria.com\/it\/la-festa-della-madonna-bianca-portovenere\/"]}]},{"@type":"ImageObject","inLanguage":"it-IT","@id":"https:\/\/blog.residenceliguria.com\/it\/la-festa-della-madonna-bianca-portovenere\/#primaryimage","url":"https:\/\/blog.residenceliguria.com\/wp-content\/uploads\/2017\/07\/madonna-bianca-portovenere.jpg","contentUrl":"https:\/\/blog.residenceliguria.com\/wp-content\/uploads\/2017\/07\/madonna-bianca-portovenere.jpg","width":800,"height":525},{"@type":"BreadcrumbList","@id":"https:\/\/blog.residenceliguria.com\/it\/la-festa-della-madonna-bianca-portovenere\/#breadcrumb","itemListElement":[{"@type":"ListItem","position":1,"name":"Home","item":"https:\/\/blog.residenceliguria.com\/it\/"},{"@type":"ListItem","position":2,"name":"La Festa della Madonna Bianca di Portovenere"}]},{"@type":"WebSite","@id":"https:\/\/blog.residenceliguria.com\/it\/#website","url":"https:\/\/blog.residenceliguria.com\/it\/","name":"Il Blog di Residence di Liguria","description":"Idee, suggerimenti, ispirazioni per visitare la Liguria","publisher":{"@id":"https:\/\/blog.residenceliguria.com\/it\/#organization"},"potentialAction":[{"@type":"SearchAction","target":{"@type":"EntryPoint","urlTemplate":"https:\/\/blog.residenceliguria.com\/it\/?s={search_term_string}"},"query-input":{"@type":"PropertyValueSpecification","valueRequired":true,"valueName":"search_term_string"}}],"inLanguage":"it-IT"},{"@type":"Organization","@id":"https:\/\/blog.residenceliguria.com\/it\/#organization","name":"Il Blog di Residence di Liguria","url":"https:\/\/blog.residenceliguria.com\/it\/","logo":{"@type":"ImageObject","inLanguage":"it-IT","@id":"https:\/\/blog.residenceliguria.com\/it\/#\/schema\/logo\/image\/","url":"https:\/\/blog.residenceliguria.com\/wp-content\/uploads\/2017\/01\/logo.jpg","contentUrl":"https:\/\/blog.residenceliguria.com\/wp-content\/uploads\/2017\/01\/logo.jpg","width":149,"height":220,"caption":"Il Blog di Residence di Liguria"},"image":{"@id":"https:\/\/blog.residenceliguria.com\/it\/#\/schema\/logo\/image\/"},"sameAs":["https:\/\/www.facebook.com\/ResidenceDiLiguria","https:\/\/x.com\/liguriavacanze","https:\/\/www.instagram.com\/residencediliguria\/","https:\/\/it.pinterest.com\/liguriavacanze\/"]},{"@type":"Person","@id":"https:\/\/blog.residenceliguria.com\/it\/#\/schema\/person\/56d50e78d9e43765ffcfce591fb5d129","name":"ResidenceLiguria","url":"https:\/\/blog.residenceliguria.com\/it\/author\/residenceliguria\/"}]}},"wps_subtitle":"Una tradizione antica, che si ripete magicamente ogni anno","_links":{"self":[{"href":"https:\/\/blog.residenceliguria.com\/it\/wp-json\/wp\/v2\/posts\/438","targetHints":{"allow":["GET"]}}],"collection":[{"href":"https:\/\/blog.residenceliguria.com\/it\/wp-json\/wp\/v2\/posts"}],"about":[{"href":"https:\/\/blog.residenceliguria.com\/it\/wp-json\/wp\/v2\/types\/post"}],"author":[{"embeddable":true,"href":"https:\/\/blog.residenceliguria.com\/it\/wp-json\/wp\/v2\/users\/1"}],"replies":[{"embeddable":true,"href":"https:\/\/blog.residenceliguria.com\/it\/wp-json\/wp\/v2\/comments?post=438"}],"version-history":[{"count":6,"href":"https:\/\/blog.residenceliguria.com\/it\/wp-json\/wp\/v2\/posts\/438\/revisions"}],"predecessor-version":[{"id":1042,"href":"https:\/\/blog.residenceliguria.com\/it\/wp-json\/wp\/v2\/posts\/438\/revisions\/1042"}],"wp:featuredmedia":[{"embeddable":true,"href":"https:\/\/blog.residenceliguria.com\/it\/wp-json\/wp\/v2\/media\/440"}],"wp:attachment":[{"href":"https:\/\/blog.residenceliguria.com\/it\/wp-json\/wp\/v2\/media?parent=438"}],"wp:term":[{"taxonomy":"category","embeddable":true,"href":"https:\/\/blog.residenceliguria.com\/it\/wp-json\/wp\/v2\/categories?post=438"},{"taxonomy":"post_tag","embeddable":true,"href":"https:\/\/blog.residenceliguria.com\/it\/wp-json\/wp\/v2\/tags?post=438"}],"curies":[{"name":"wp","href":"https:\/\/api.w.org\/{rel}","templated":true}]}}