{"id":306,"date":"2017-05-16T12:58:18","date_gmt":"2017-05-16T10:58:18","guid":{"rendered":"http:\/\/blog.residenceliguria.com\/?p=306"},"modified":"2017-12-12T15:11:09","modified_gmt":"2017-12-12T14:11:09","slug":"un-week-end-nel-golfo-dei-poeti-per-scoprire-la-spezia-e-dintorni","status":"publish","type":"post","link":"https:\/\/blog.residenceliguria.com\/it\/un-week-end-nel-golfo-dei-poeti-per-scoprire-la-spezia-e-dintorni\/","title":{"rendered":"Un Week-end nel Golfo dei Poeti, per scoprire La Spezia e dintorni"},"content":{"rendered":"<!-- Added by Post\/Page Specific Custom Code plugin, thank you for using! -->\n<style>.contenitorepost {\r\n    height: 320px;\r\n}<\/style>\n<p><strong>Il Golfo dei Poeti nel Levante ligure<\/strong> \u00e8 chiamato cos\u00ec perch\u00e9, come suggerisce il nome stesso, \u00e8 stato visitato da molti letterati e poeti. Sapete quali sono? Il primo fu il celebre <em>Dante Alighieri<\/em>, poi ci furono <em>Lord Byron<\/em> (al quale \u00e8 dedicata una grotta a Porto Venere), i coniugi <em>Percy e Mary Shelley<\/em> e gli italiani <em>Gabriele D\u2019Annunzio<\/em>, <em>Tommaso Marinetti<\/em> e <em>Mario Soldati<\/em>, per citare i pi\u00f9 conosciuti. Questi illustri personaggi sono venuti nel golfo per il fascino del suo territorio: il mare, il clima mite, i caratteristici centri abitati.<br \/>\nSapete cosa s\u2019intende quando si parla di Golfo dei Poeti? Ci si riferisce a un\u2019ampia insenatura dove si trovano <strong>Porto Venere<\/strong>, <strong>La Spezia<\/strong> e <strong>Lerici<\/strong>, due borghi e una citt\u00e0, ciascuno molto diverso dall\u2019altro. Vi raccontiamo qualcosa di loro, cos\u00ec potrete organizzare la vostra vacanza, anche se si tratta solo di un week end.<\/p>\n<div class=\"spazio30\"><\/div>\n<h3>La Spezia<\/h3>\n<p>\u00c8 il capoluogo della provincia e si trova nel cuore del Golfo dei Poeti. La citt\u00e0 ha una storia antica, che risale al 1600, c\u2019\u00e8 persino un castello \u2013 <strong>castello San Giorgio<\/strong>, che sorge su un colle nel centro, detto il Poggio \u2013, ma si \u00e8 sviluppata soprattutto in seguito alla costruzione dell\u2019arsenale militare nel XIX secolo. Alla Spezia si trovano numerosi edifici in stile liberty, molti musei e ampi giardini pubblici. Il centro storico \u00e8 racchiuso in un\u2019area compresa fra il quartiere Umbertino, dove abitavano gli operai che lavoravano all\u2019arsenale, arrivati da varie parti d\u2019Italia, corso Cavour, via Chiodo e piazza Verdi. Corso Cavour \u00e8, insieme a via Prione (il carruggio pi\u00f9 importante della citt\u00e0), il posto ideale per fare shopping, ci sono anche molti negozi di prodotti tipici gastronomici. In via Chiodo invece potete ammirate gli antichi portici ottocenteschi. Per raggiungere il castello San Giorgio dovete prendere l\u2019ascensore da via Prione oppure salire le scalinate, sempre da via Prione. Una volta arrivati godrete della vista di tutta la citt\u00e0 e troverete anche un\u2019altra sorpresa: l\u2019orto delle Clarisse. Sono i giardini sottostanti il castello, di recente sono stati rinnovati e molti cittadini vi stanno coltivando il loro orto personale. In questa area verde c\u2019\u00e8 anche un bar molto carino, Il Poggio Orto Bar.<br \/>\nSe avete tempo potete visitare il <strong>museo del castello<\/strong>, dove c\u2019\u00e8 una ricca sezione paleontologica che potrebbe incuriosire i bambini oppure il <strong>museo Amedeo Lia<\/strong>, in via Prione. Molti considerano la sua collezione fra le pi\u00f9 prestigiose per la presenza di manufatti, quali tavole a fondo oro, di epoca medievale. I piccoli potrebbero trovare divertente visitare il Museo Navale, che si trova vicino a piazza Chiodo. L\u00ec sono conservati una raccolta di polene, modelli di navi, armi, cannoni mai esposti e anche la stazione trasmittente usata nel 1897 alla Spezia da Guglielmo Marconi nei suoi primi esperimenti!<br \/>\nPer una sosta e un gelato per tutta la famiglia ci sono piazza Sant\u2019Agostino e piazzetta del Bastione. Alla fine di questi piccoli slarghi vi trovate in piazza Verdi, di recente restaurata dall\u2019architetto francese Daniel Buren.<br \/>\nPer arrivare al mare, da piazza Verdi o da via Chiodo, dovete attraversare i Giardini pubblici, dove potete anche sedervi all\u2019ombra delle piante. In questa area verde sono state sistemate alcune statue: le noterete per primi voi o vostri bambini? Per loro, in questa zona, c\u2019\u00e8 anche il parco giochi.<br \/>\nOltre i Giardini c\u2019\u00e8 il lungomare, la <strong>passeggiata Morin<\/strong>. L\u2019intera banchina \u00e8 caratterizzata da giardini fioriti e palme. All\u2019incrocio con il ponte Thaon de Revel c\u2019\u00e8 un ristorante che merita una sosta, perch\u00e9 cucinano il pesce appena pescato dai locali.<br \/>\nCos\u2019altro <strong>mangiare alla Spezia<\/strong>? Gli spaghetti al sugo di <em>muscoli<\/em> \u2013 cos\u00ec gli spezzini chiamano le cozze \u2013 e i muscoli ripieni, le acciughe, la mes-ci\u00f9a che \u00e8 una zuppa di fagioli e ceci, frittelle di baccal\u00e0, la mezzetta \u00e8 perfetta per lo spuntino pomeridiano perch\u00e9 \u00e8 focaccia con dentro la farinata, i panigacci coi salumi e i testaroli.<br \/>\nSe venite nel mese di agosto ricordatevi che la prima domenica, nelle acque antistanti la passeggiata Morin, si disputa il <strong>Palio del Golfo<\/strong>: tredici equipaggi, che corrispondono ad altrettanti paesi del golfo, si affrontano in una gara che si svolge su tipici gozzi liguri. \u00c8 la festa del mare, che alla sera si conclude con i fuochi d\u2019artificio, esplosi nel golfo cittadino.<br \/>\n<img loading=\"lazy\" decoding=\"async\" class=\"aligncenter size-full wp-image-309 img-responsive\" src=\"http:\/\/blog.residenceliguria.com\/wp-content\/uploads\/2017\/05\/la-spezia-vista.jpg\" alt=\"La Spezia, vista\" width=\"1200\" height=\"341\" srcset=\"https:\/\/blog.residenceliguria.com\/wp-content\/uploads\/2017\/05\/la-spezia-vista.jpg 1200w, https:\/\/blog.residenceliguria.com\/wp-content\/uploads\/2017\/05\/la-spezia-vista-300x85.jpg 300w, https:\/\/blog.residenceliguria.com\/wp-content\/uploads\/2017\/05\/la-spezia-vista-768x218.jpg 768w, https:\/\/blog.residenceliguria.com\/wp-content\/uploads\/2017\/05\/la-spezia-vista-1024x291.jpg 1024w\" sizes=\"auto, (max-width: 1200px) 100vw, 1200px\" \/><\/p>\n<div class=\"spazio30\"><\/div>\n<h3>Porto Venere e l\u2019isola Palmaria<\/h3>\n<p>Questo borgo marinaro, insieme alle isole <strong>Palmaria<\/strong> e <strong>Tino<\/strong> che si trovano di fronte, \u00e8 stato dichiarato patrimonio dell\u2019umanit\u00e0 dall\u2019UNESCO. Sapete perch\u00e9 si chiama cos\u00ec? Perch\u00e9 probabilmente c\u2019era un piccolo tempio pagano dedicato alla dea Venere, la quale secondo la leggenda nacque infatti da una conchiglia uscita dal mare.<br \/>\nIl monumento pi\u00f9 famoso \u00e8 la <strong>chiesa di San Pietro<\/strong>, costruita su un promontorio roccioso di fronte alla Palmaria. Visitate gli interni, in tipico stile ligure e guardatevi intorno, per ammirare il panorama da ogni lato. Poco sopra c\u2019\u00e8 la chiesa di San Lorenzo dove la sera del 17 agosto viene festeggiata la <strong>Madonna Bianca<\/strong>, protettrice del paese. \u00c8 una festa unica nel suo genere, perch\u00e9 la processione verso la chiesa si svolge sotto la luce di migliaia di candele.<br \/>\nSopra San Pietro c\u2019\u00e8 il Castello Doria; probabilmente anche ai vostri piccoli piacer\u00e0 visitarlo. Da lass\u00f9 avrete il paese ai vostri piedi, di fronte a voi l\u2019isola e alla vostra sinistra il Golfo dei Poeti.<br \/>\nSotto la chiesta c\u2019\u00e8 la passeggiata a mare Calata Doria ed \u00e8 un altro motivo per cui il borgo \u00e8 famoso, perch\u00e9 l\u00ec si trova la Palazzata, ovvero le case dipinte di colore diverso, costruite una accanto all\u2019altra. Pensate che un tempo il molo non esisteva, le abitazioni sorgevano sugli scogli. Da Calata Doria godrete di un bel panorama, mentre bevete un caff\u00e8 e i bambini un succo di frutta.<br \/>\nIl centro storio di Porto Venere \u00e8 via Cappellini, ci arrivate passando sotto la Porta del Borgo. \u00c8 un classico carruggio, ricco di negozi, bar e ristoranti. Se volete fare acquisti, anche gastronomici, questo \u00e8 il posto giusto.<br \/>\nA questo potete salpare per la <em>Palmaria<\/em>, i battelli partono dal molo all\u2019estremit\u00e0 di Calata Doria. L\u2019isola va visitata perch\u00e9 \u00e8 rimasta ancora incontaminata, inoltre sia in zona Terrizzo che al Pozzale, potete fare il bagno. Al Terrizzo trovate anche uno stabilimento balneare.<br \/>\nA Porto Venere le spiagge si trovano sul lungomare, poco distante dal paese. L\u2019Olivo \u00e8 fatta di sassolini ed \u00e8 libera, ci sono anche altre due spiagge attrezzate, in una di queste lo stabilimento \u00e8 dotate di piscina, dove i bambini possono scatenarsi in sicurezza.<br \/>\n<img loading=\"lazy\" decoding=\"async\" class=\"aligncenter size-full wp-image-310 img-responsive\" src=\"http:\/\/blog.residenceliguria.com\/wp-content\/uploads\/2017\/05\/portovenere-la-spezia.jpg\" alt=\"Portovenere\" width=\"1200\" height=\"519\" srcset=\"https:\/\/blog.residenceliguria.com\/wp-content\/uploads\/2017\/05\/portovenere-la-spezia.jpg 1200w, https:\/\/blog.residenceliguria.com\/wp-content\/uploads\/2017\/05\/portovenere-la-spezia-300x130.jpg 300w, https:\/\/blog.residenceliguria.com\/wp-content\/uploads\/2017\/05\/portovenere-la-spezia-768x332.jpg 768w, https:\/\/blog.residenceliguria.com\/wp-content\/uploads\/2017\/05\/portovenere-la-spezia-1024x443.jpg 1024w\" sizes=\"auto, (max-width: 1200px) 100vw, 1200px\" \/><\/p>\n<div class=\"spazio30\"><\/div>\n<h3>Lerici, San Terenzo e Tellaro<\/h3>\n<p><strong>Lerici<\/strong> si trova all\u2019estremo levante del Golfo dei Poeti, a met\u00e0 strada fra San Terenzo e Tellaro, il quale \u00e8 stata stato incoronato come <strong>uno dei borghi pi\u00f9 belli d\u2019Italia<\/strong>. Anche il poeta Mario Soldati aveva una casa in questo paese.<br \/>\nSia a Lerici che a San Terenzo c\u2019\u00e8 un castello, visitabile, che sorge su un promontorio a picco sul mare. Una volta raggiunte le fortificazioni godrete di un panorama unico, che spazia sino a Porto Venere. Entrambi i borghi sono costituiti da carruggi, dove \u00e8 molto bello passeggiare in questo periodo dell\u2019anno, quando le piante sono in fiore. L\u00ec troverete negozi di artigianato. Molti dei ristoranti, bar e gelaterie si trovano sul lungomare. A Lerici sono anche in piazza Garibaldi, che di recente \u00e8 stata restaurata.<br \/>\n<strong>San Terenzo<\/strong> \u00e8 una meta perfetta per vivere il mare con i vostri bambini, perch\u00e9 c\u2019\u00e8 una spiaggia molto grande, fatta di sabbia dorata e il fondale rimane a lungo basso. Potete stendervi con i vostri asciugamani oppure noleggiare ombrellone e sdraio. Anche i letterati e poeti Percy e Mary Shelley e Lord Byron apprezzavano il borgo: hanno alloggiato a Villa Magni.<br \/>\nUn altro luogo ideale per vivere il mare il relax \u00e8 la spiaggia della <strong>Venere Azzurra<\/strong>, che si trova a met\u00e0 strada fra San Terenzo e Lerici. Anche qui trovate sabbia dorata, due stabilimenti e spiaggia libera, fondale basso e mare cristallino. Oppure c\u2019\u00e8 la spiaggia della Baia Blu, davvero molto carina; dovete raggiungerla con l\u2019auto.<br \/>\nA <strong>Tellaro<\/strong> purtroppo non ci sono spiagge, per quelle dovete fermarvi a <strong>Fiascherino<\/strong>. Per\u00f2 vale la pena passeggiare fra i suoi carruggi e vedere la chiesa di San Giorgio, costruita sugli scogli. Nel mese di agosto qui non perdete la Sagra del Polpo.<br \/>\n<img loading=\"lazy\" decoding=\"async\" class=\"aligncenter size-full wp-image-311 img-responsive\" src=\"http:\/\/blog.residenceliguria.com\/wp-content\/uploads\/2017\/05\/tellaro-lerici.jpg\" alt=\"Tellaro di Lerici\" width=\"1200\" height=\"834\" srcset=\"https:\/\/blog.residenceliguria.com\/wp-content\/uploads\/2017\/05\/tellaro-lerici.jpg 1200w, https:\/\/blog.residenceliguria.com\/wp-content\/uploads\/2017\/05\/tellaro-lerici-300x209.jpg 300w, https:\/\/blog.residenceliguria.com\/wp-content\/uploads\/2017\/05\/tellaro-lerici-768x534.jpg 768w, https:\/\/blog.residenceliguria.com\/wp-content\/uploads\/2017\/05\/tellaro-lerici-1024x712.jpg 1024w\" sizes=\"auto, (max-width: 1200px) 100vw, 1200px\" \/><\/p>","protected":false},"excerpt":{"rendered":"<p>Il Golfo dei Poeti nel Levante ligure \u00e8 chiamato cos\u00ec perch\u00e9, come suggerisce il nome stesso, \u00e8 stato visitato da molti letterati e poeti. Sapete quali sono? Il primo fu il celebre Dante Alighieri, poi ci furono Lord Byron (al quale \u00e8 dedicata una grotta a Porto Venere), i coniugi Percy e Mary Shelley e &hellip;<\/p>\n","protected":false},"author":1,"featured_media":308,"comment_status":"open","ping_status":"open","sticky":false,"template":"","format":"standard","meta":{"footnotes":""},"categories":[27],"tags":[197,95,115,198,199,195,196,114],"class_list":["post-306","post","type-post","status-publish","format-standard","has-post-thumbnail","hentry","category-destinazioni","tag-fiascherino","tag-la-spezia","tag-lerici","tag-palmaria","tag-porto-venere","tag-portovenere","tag-san-terenzo","tag-tellaro"],"yoast_head":"<!-- This site is optimized with the Yoast SEO plugin v23.6 - https:\/\/yoast.com\/wordpress\/plugins\/seo\/ -->\n<title>Un Week-end nel Golfo dei Poeti, per scoprire La Spezia e dintorni - Residence Liguria<\/title>\n<meta name=\"description\" content=\"La Spezia, ovvero il Golfo dei Poeti, ma non solo: Portovenere, Lerici, Tellaro, San Terenzo e le Isole Palmaria e Tino: tanti luoghi da visitare!\" \/>\n<meta name=\"robots\" content=\"index, follow, max-snippet:-1, max-image-preview:large, max-video-preview:-1\" \/>\n<link rel=\"canonical\" href=\"https:\/\/blog.residenceliguria.com\/it\/un-week-end-nel-golfo-dei-poeti-per-scoprire-la-spezia-e-dintorni\/\" \/>\n<meta property=\"og:locale\" content=\"it_IT\" \/>\n<meta property=\"og:type\" content=\"article\" \/>\n<meta property=\"og:title\" content=\"Un Week-end nel Golfo dei Poeti, per scoprire La Spezia e dintorni - Residence Liguria\" \/>\n<meta property=\"og:description\" content=\"La Spezia, ovvero il Golfo dei Poeti, ma non solo: Portovenere, Lerici, Tellaro, San Terenzo e le Isole Palmaria e Tino: tanti luoghi da visitare!\" \/>\n<meta property=\"og:url\" content=\"https:\/\/blog.residenceliguria.com\/it\/un-week-end-nel-golfo-dei-poeti-per-scoprire-la-spezia-e-dintorni\/\" \/>\n<meta property=\"og:site_name\" content=\"Il Blog di Residence di Liguria\" \/>\n<meta property=\"article:publisher\" content=\"https:\/\/www.facebook.com\/ResidenceDiLiguria\" \/>\n<meta property=\"article:published_time\" content=\"2017-05-16T10:58:18+00:00\" \/>\n<meta property=\"article:modified_time\" content=\"2017-12-12T14:11:09+00:00\" \/>\n<meta property=\"og:image\" content=\"https:\/\/blog.residenceliguria.com\/wp-content\/uploads\/2017\/05\/lerici-la-spezia-liguria.jpg\" \/>\n\t<meta property=\"og:image:width\" content=\"1250\" \/>\n\t<meta property=\"og:image:height\" content=\"494\" \/>\n\t<meta property=\"og:image:type\" content=\"image\/jpeg\" \/>\n<meta name=\"author\" content=\"ResidenceLiguria\" \/>\n<meta name=\"twitter:card\" content=\"summary_large_image\" \/>\n<meta name=\"twitter:creator\" content=\"@liguriavacanze\" \/>\n<meta name=\"twitter:site\" content=\"@liguriavacanze\" \/>\n<meta name=\"twitter:label1\" content=\"Scritto da\" \/>\n\t<meta name=\"twitter:data1\" content=\"ResidenceLiguria\" \/>\n\t<meta name=\"twitter:label2\" content=\"Tempo di lettura stimato\" \/>\n\t<meta name=\"twitter:data2\" content=\"7 minuti\" \/>\n<script type=\"application\/ld+json\" class=\"yoast-schema-graph\">{\"@context\":\"https:\/\/schema.org\",\"@graph\":[{\"@type\":\"Article\",\"@id\":\"https:\/\/blog.residenceliguria.com\/it\/un-week-end-nel-golfo-dei-poeti-per-scoprire-la-spezia-e-dintorni\/#article\",\"isPartOf\":{\"@id\":\"https:\/\/blog.residenceliguria.com\/it\/un-week-end-nel-golfo-dei-poeti-per-scoprire-la-spezia-e-dintorni\/\"},\"author\":{\"name\":\"ResidenceLiguria\",\"@id\":\"https:\/\/blog.residenceliguria.com\/it\/#\/schema\/person\/56d50e78d9e43765ffcfce591fb5d129\"},\"headline\":\"Un Week-end nel Golfo dei Poeti, per scoprire La Spezia e dintorni\",\"datePublished\":\"2017-05-16T10:58:18+00:00\",\"dateModified\":\"2017-12-12T14:11:09+00:00\",\"mainEntityOfPage\":{\"@id\":\"https:\/\/blog.residenceliguria.com\/it\/un-week-end-nel-golfo-dei-poeti-per-scoprire-la-spezia-e-dintorni\/\"},\"wordCount\":1373,\"commentCount\":0,\"publisher\":{\"@id\":\"https:\/\/blog.residenceliguria.com\/it\/#organization\"},\"image\":{\"@id\":\"https:\/\/blog.residenceliguria.com\/it\/un-week-end-nel-golfo-dei-poeti-per-scoprire-la-spezia-e-dintorni\/#primaryimage\"},\"thumbnailUrl\":\"https:\/\/blog.residenceliguria.com\/wp-content\/uploads\/2017\/05\/lerici-la-spezia-liguria.jpg\",\"keywords\":[\"Fiascherino\",\"La Spezia\",\"Lerici\",\"Palmaria\",\"Porto Venere\",\"Portovenere\",\"San Terenzo\",\"Tellaro\"],\"articleSection\":[\"Destinazioni\"],\"inLanguage\":\"it-IT\",\"potentialAction\":[{\"@type\":\"CommentAction\",\"name\":\"Comment\",\"target\":[\"https:\/\/blog.residenceliguria.com\/it\/un-week-end-nel-golfo-dei-poeti-per-scoprire-la-spezia-e-dintorni\/#respond\"]}]},{\"@type\":\"WebPage\",\"@id\":\"https:\/\/blog.residenceliguria.com\/it\/un-week-end-nel-golfo-dei-poeti-per-scoprire-la-spezia-e-dintorni\/\",\"url\":\"https:\/\/blog.residenceliguria.com\/it\/un-week-end-nel-golfo-dei-poeti-per-scoprire-la-spezia-e-dintorni\/\",\"name\":\"Un Week-end nel Golfo dei Poeti, per scoprire La Spezia e dintorni - Residence Liguria\",\"isPartOf\":{\"@id\":\"https:\/\/blog.residenceliguria.com\/it\/#website\"},\"primaryImageOfPage\":{\"@id\":\"https:\/\/blog.residenceliguria.com\/it\/un-week-end-nel-golfo-dei-poeti-per-scoprire-la-spezia-e-dintorni\/#primaryimage\"},\"image\":{\"@id\":\"https:\/\/blog.residenceliguria.com\/it\/un-week-end-nel-golfo-dei-poeti-per-scoprire-la-spezia-e-dintorni\/#primaryimage\"},\"thumbnailUrl\":\"https:\/\/blog.residenceliguria.com\/wp-content\/uploads\/2017\/05\/lerici-la-spezia-liguria.jpg\",\"datePublished\":\"2017-05-16T10:58:18+00:00\",\"dateModified\":\"2017-12-12T14:11:09+00:00\",\"description\":\"La Spezia, ovvero il Golfo dei Poeti, ma non solo: Portovenere, Lerici, Tellaro, San Terenzo e le Isole Palmaria e Tino: tanti luoghi da visitare!\",\"breadcrumb\":{\"@id\":\"https:\/\/blog.residenceliguria.com\/it\/un-week-end-nel-golfo-dei-poeti-per-scoprire-la-spezia-e-dintorni\/#breadcrumb\"},\"inLanguage\":\"it-IT\",\"potentialAction\":[{\"@type\":\"ReadAction\",\"target\":[\"https:\/\/blog.residenceliguria.com\/it\/un-week-end-nel-golfo-dei-poeti-per-scoprire-la-spezia-e-dintorni\/\"]}]},{\"@type\":\"ImageObject\",\"inLanguage\":\"it-IT\",\"@id\":\"https:\/\/blog.residenceliguria.com\/it\/un-week-end-nel-golfo-dei-poeti-per-scoprire-la-spezia-e-dintorni\/#primaryimage\",\"url\":\"https:\/\/blog.residenceliguria.com\/wp-content\/uploads\/2017\/05\/lerici-la-spezia-liguria.jpg\",\"contentUrl\":\"https:\/\/blog.residenceliguria.com\/wp-content\/uploads\/2017\/05\/lerici-la-spezia-liguria.jpg\",\"width\":1250,\"height\":494},{\"@type\":\"BreadcrumbList\",\"@id\":\"https:\/\/blog.residenceliguria.com\/it\/un-week-end-nel-golfo-dei-poeti-per-scoprire-la-spezia-e-dintorni\/#breadcrumb\",\"itemListElement\":[{\"@type\":\"ListItem\",\"position\":1,\"name\":\"Home\",\"item\":\"https:\/\/blog.residenceliguria.com\/it\/\"},{\"@type\":\"ListItem\",\"position\":2,\"name\":\"Un Week-end nel Golfo dei Poeti, per scoprire La Spezia e dintorni\"}]},{\"@type\":\"WebSite\",\"@id\":\"https:\/\/blog.residenceliguria.com\/it\/#website\",\"url\":\"https:\/\/blog.residenceliguria.com\/it\/\",\"name\":\"Il Blog di Residence di Liguria\",\"description\":\"Idee, suggerimenti, ispirazioni per visitare la Liguria\",\"publisher\":{\"@id\":\"https:\/\/blog.residenceliguria.com\/it\/#organization\"},\"potentialAction\":[{\"@type\":\"SearchAction\",\"target\":{\"@type\":\"EntryPoint\",\"urlTemplate\":\"https:\/\/blog.residenceliguria.com\/it\/?s={search_term_string}\"},\"query-input\":{\"@type\":\"PropertyValueSpecification\",\"valueRequired\":true,\"valueName\":\"search_term_string\"}}],\"inLanguage\":\"it-IT\"},{\"@type\":\"Organization\",\"@id\":\"https:\/\/blog.residenceliguria.com\/it\/#organization\",\"name\":\"Il Blog di Residence di Liguria\",\"url\":\"https:\/\/blog.residenceliguria.com\/it\/\",\"logo\":{\"@type\":\"ImageObject\",\"inLanguage\":\"it-IT\",\"@id\":\"https:\/\/blog.residenceliguria.com\/it\/#\/schema\/logo\/image\/\",\"url\":\"https:\/\/blog.residenceliguria.com\/wp-content\/uploads\/2017\/01\/logo.jpg\",\"contentUrl\":\"https:\/\/blog.residenceliguria.com\/wp-content\/uploads\/2017\/01\/logo.jpg\",\"width\":149,\"height\":220,\"caption\":\"Il Blog di Residence di Liguria\"},\"image\":{\"@id\":\"https:\/\/blog.residenceliguria.com\/it\/#\/schema\/logo\/image\/\"},\"sameAs\":[\"https:\/\/www.facebook.com\/ResidenceDiLiguria\",\"https:\/\/x.com\/liguriavacanze\",\"https:\/\/www.instagram.com\/residencediliguria\/\",\"https:\/\/it.pinterest.com\/liguriavacanze\/\"]},{\"@type\":\"Person\",\"@id\":\"https:\/\/blog.residenceliguria.com\/it\/#\/schema\/person\/56d50e78d9e43765ffcfce591fb5d129\",\"name\":\"ResidenceLiguria\",\"url\":\"https:\/\/blog.residenceliguria.com\/it\/author\/residenceliguria\/\"}]}<\/script>\n<!-- \/ Yoast SEO plugin. -->","yoast_head_json":{"title":"Un Week-end nel Golfo dei Poeti, per scoprire La Spezia e dintorni - Residence Liguria","description":"La Spezia, ovvero il Golfo dei Poeti, ma non solo: Portovenere, Lerici, Tellaro, San Terenzo e le Isole Palmaria e Tino: tanti luoghi da visitare!","robots":{"index":"index","follow":"follow","max-snippet":"max-snippet:-1","max-image-preview":"max-image-preview:large","max-video-preview":"max-video-preview:-1"},"canonical":"https:\/\/blog.residenceliguria.com\/it\/un-week-end-nel-golfo-dei-poeti-per-scoprire-la-spezia-e-dintorni\/","og_locale":"it_IT","og_type":"article","og_title":"Un Week-end nel Golfo dei Poeti, per scoprire La Spezia e dintorni - Residence Liguria","og_description":"La Spezia, ovvero il Golfo dei Poeti, ma non solo: Portovenere, Lerici, Tellaro, San Terenzo e le Isole Palmaria e Tino: tanti luoghi da visitare!","og_url":"https:\/\/blog.residenceliguria.com\/it\/un-week-end-nel-golfo-dei-poeti-per-scoprire-la-spezia-e-dintorni\/","og_site_name":"Il Blog di Residence di Liguria","article_publisher":"https:\/\/www.facebook.com\/ResidenceDiLiguria","article_published_time":"2017-05-16T10:58:18+00:00","article_modified_time":"2017-12-12T14:11:09+00:00","og_image":[{"width":1250,"height":494,"url":"https:\/\/blog.residenceliguria.com\/wp-content\/uploads\/2017\/05\/lerici-la-spezia-liguria.jpg","type":"image\/jpeg"}],"author":"ResidenceLiguria","twitter_card":"summary_large_image","twitter_creator":"@liguriavacanze","twitter_site":"@liguriavacanze","twitter_misc":{"Scritto da":"ResidenceLiguria","Tempo di lettura stimato":"7 minuti"},"schema":{"@context":"https:\/\/schema.org","@graph":[{"@type":"Article","@id":"https:\/\/blog.residenceliguria.com\/it\/un-week-end-nel-golfo-dei-poeti-per-scoprire-la-spezia-e-dintorni\/#article","isPartOf":{"@id":"https:\/\/blog.residenceliguria.com\/it\/un-week-end-nel-golfo-dei-poeti-per-scoprire-la-spezia-e-dintorni\/"},"author":{"name":"ResidenceLiguria","@id":"https:\/\/blog.residenceliguria.com\/it\/#\/schema\/person\/56d50e78d9e43765ffcfce591fb5d129"},"headline":"Un Week-end nel Golfo dei Poeti, per scoprire La Spezia e dintorni","datePublished":"2017-05-16T10:58:18+00:00","dateModified":"2017-12-12T14:11:09+00:00","mainEntityOfPage":{"@id":"https:\/\/blog.residenceliguria.com\/it\/un-week-end-nel-golfo-dei-poeti-per-scoprire-la-spezia-e-dintorni\/"},"wordCount":1373,"commentCount":0,"publisher":{"@id":"https:\/\/blog.residenceliguria.com\/it\/#organization"},"image":{"@id":"https:\/\/blog.residenceliguria.com\/it\/un-week-end-nel-golfo-dei-poeti-per-scoprire-la-spezia-e-dintorni\/#primaryimage"},"thumbnailUrl":"https:\/\/blog.residenceliguria.com\/wp-content\/uploads\/2017\/05\/lerici-la-spezia-liguria.jpg","keywords":["Fiascherino","La Spezia","Lerici","Palmaria","Porto Venere","Portovenere","San Terenzo","Tellaro"],"articleSection":["Destinazioni"],"inLanguage":"it-IT","potentialAction":[{"@type":"CommentAction","name":"Comment","target":["https:\/\/blog.residenceliguria.com\/it\/un-week-end-nel-golfo-dei-poeti-per-scoprire-la-spezia-e-dintorni\/#respond"]}]},{"@type":"WebPage","@id":"https:\/\/blog.residenceliguria.com\/it\/un-week-end-nel-golfo-dei-poeti-per-scoprire-la-spezia-e-dintorni\/","url":"https:\/\/blog.residenceliguria.com\/it\/un-week-end-nel-golfo-dei-poeti-per-scoprire-la-spezia-e-dintorni\/","name":"Un Week-end nel Golfo dei Poeti, per scoprire La Spezia e dintorni - Residence Liguria","isPartOf":{"@id":"https:\/\/blog.residenceliguria.com\/it\/#website"},"primaryImageOfPage":{"@id":"https:\/\/blog.residenceliguria.com\/it\/un-week-end-nel-golfo-dei-poeti-per-scoprire-la-spezia-e-dintorni\/#primaryimage"},"image":{"@id":"https:\/\/blog.residenceliguria.com\/it\/un-week-end-nel-golfo-dei-poeti-per-scoprire-la-spezia-e-dintorni\/#primaryimage"},"thumbnailUrl":"https:\/\/blog.residenceliguria.com\/wp-content\/uploads\/2017\/05\/lerici-la-spezia-liguria.jpg","datePublished":"2017-05-16T10:58:18+00:00","dateModified":"2017-12-12T14:11:09+00:00","description":"La Spezia, ovvero il Golfo dei Poeti, ma non solo: Portovenere, Lerici, Tellaro, San Terenzo e le Isole Palmaria e Tino: tanti luoghi da visitare!","breadcrumb":{"@id":"https:\/\/blog.residenceliguria.com\/it\/un-week-end-nel-golfo-dei-poeti-per-scoprire-la-spezia-e-dintorni\/#breadcrumb"},"inLanguage":"it-IT","potentialAction":[{"@type":"ReadAction","target":["https:\/\/blog.residenceliguria.com\/it\/un-week-end-nel-golfo-dei-poeti-per-scoprire-la-spezia-e-dintorni\/"]}]},{"@type":"ImageObject","inLanguage":"it-IT","@id":"https:\/\/blog.residenceliguria.com\/it\/un-week-end-nel-golfo-dei-poeti-per-scoprire-la-spezia-e-dintorni\/#primaryimage","url":"https:\/\/blog.residenceliguria.com\/wp-content\/uploads\/2017\/05\/lerici-la-spezia-liguria.jpg","contentUrl":"https:\/\/blog.residenceliguria.com\/wp-content\/uploads\/2017\/05\/lerici-la-spezia-liguria.jpg","width":1250,"height":494},{"@type":"BreadcrumbList","@id":"https:\/\/blog.residenceliguria.com\/it\/un-week-end-nel-golfo-dei-poeti-per-scoprire-la-spezia-e-dintorni\/#breadcrumb","itemListElement":[{"@type":"ListItem","position":1,"name":"Home","item":"https:\/\/blog.residenceliguria.com\/it\/"},{"@type":"ListItem","position":2,"name":"Un Week-end nel Golfo dei Poeti, per scoprire La Spezia e dintorni"}]},{"@type":"WebSite","@id":"https:\/\/blog.residenceliguria.com\/it\/#website","url":"https:\/\/blog.residenceliguria.com\/it\/","name":"Il Blog di Residence di Liguria","description":"Idee, suggerimenti, ispirazioni per visitare la Liguria","publisher":{"@id":"https:\/\/blog.residenceliguria.com\/it\/#organization"},"potentialAction":[{"@type":"SearchAction","target":{"@type":"EntryPoint","urlTemplate":"https:\/\/blog.residenceliguria.com\/it\/?s={search_term_string}"},"query-input":{"@type":"PropertyValueSpecification","valueRequired":true,"valueName":"search_term_string"}}],"inLanguage":"it-IT"},{"@type":"Organization","@id":"https:\/\/blog.residenceliguria.com\/it\/#organization","name":"Il Blog di Residence di Liguria","url":"https:\/\/blog.residenceliguria.com\/it\/","logo":{"@type":"ImageObject","inLanguage":"it-IT","@id":"https:\/\/blog.residenceliguria.com\/it\/#\/schema\/logo\/image\/","url":"https:\/\/blog.residenceliguria.com\/wp-content\/uploads\/2017\/01\/logo.jpg","contentUrl":"https:\/\/blog.residenceliguria.com\/wp-content\/uploads\/2017\/01\/logo.jpg","width":149,"height":220,"caption":"Il Blog di Residence di Liguria"},"image":{"@id":"https:\/\/blog.residenceliguria.com\/it\/#\/schema\/logo\/image\/"},"sameAs":["https:\/\/www.facebook.com\/ResidenceDiLiguria","https:\/\/x.com\/liguriavacanze","https:\/\/www.instagram.com\/residencediliguria\/","https:\/\/it.pinterest.com\/liguriavacanze\/"]},{"@type":"Person","@id":"https:\/\/blog.residenceliguria.com\/it\/#\/schema\/person\/56d50e78d9e43765ffcfce591fb5d129","name":"ResidenceLiguria","url":"https:\/\/blog.residenceliguria.com\/it\/author\/residenceliguria\/"}]}},"wps_subtitle":"Un golfo da visitare, anche solo per un fine settimana","_links":{"self":[{"href":"https:\/\/blog.residenceliguria.com\/it\/wp-json\/wp\/v2\/posts\/306","targetHints":{"allow":["GET"]}}],"collection":[{"href":"https:\/\/blog.residenceliguria.com\/it\/wp-json\/wp\/v2\/posts"}],"about":[{"href":"https:\/\/blog.residenceliguria.com\/it\/wp-json\/wp\/v2\/types\/post"}],"author":[{"embeddable":true,"href":"https:\/\/blog.residenceliguria.com\/it\/wp-json\/wp\/v2\/users\/1"}],"replies":[{"embeddable":true,"href":"https:\/\/blog.residenceliguria.com\/it\/wp-json\/wp\/v2\/comments?post=306"}],"version-history":[{"count":3,"href":"https:\/\/blog.residenceliguria.com\/it\/wp-json\/wp\/v2\/posts\/306\/revisions"}],"predecessor-version":[{"id":753,"href":"https:\/\/blog.residenceliguria.com\/it\/wp-json\/wp\/v2\/posts\/306\/revisions\/753"}],"wp:featuredmedia":[{"embeddable":true,"href":"https:\/\/blog.residenceliguria.com\/it\/wp-json\/wp\/v2\/media\/308"}],"wp:attachment":[{"href":"https:\/\/blog.residenceliguria.com\/it\/wp-json\/wp\/v2\/media?parent=306"}],"wp:term":[{"taxonomy":"category","embeddable":true,"href":"https:\/\/blog.residenceliguria.com\/it\/wp-json\/wp\/v2\/categories?post=306"},{"taxonomy":"post_tag","embeddable":true,"href":"https:\/\/blog.residenceliguria.com\/it\/wp-json\/wp\/v2\/tags?post=306"}],"curies":[{"name":"wp","href":"https:\/\/api.w.org\/{rel}","templated":true}]}}