{"id":231,"date":"2017-04-19T10:45:44","date_gmt":"2017-04-19T08:45:44","guid":{"rendered":"http:\/\/blog.residenceliguria.com\/?p=231"},"modified":"2017-12-12T15:13:21","modified_gmt":"2017-12-12T14:13:21","slug":"alta-via-dei-monti-liguri","status":"publish","type":"post","link":"https:\/\/blog.residenceliguria.com\/it\/alta-via-dei-monti-liguri\/","title":{"rendered":"L&#8217;Alta Via dei Monti Liguri"},"content":{"rendered":"<!-- Added by Post\/Page Specific Custom Code plugin, thank you for using! -->\n<style>.contenitorepost {\r\n    height: 580px;\r\n}<\/style>\n<p>Vi piace stare all\u2019aria aperta e passeggiare? Vorreste vedere scenari naturali diversi, ancora incontaminati?<\/p>\n<p>Se la risposta \u00e8 s\u00ec allora la vostra meta \u00e8 l\u2019<strong>Alta Via dei Monti Liguri<\/strong>. \u00c8 <strong>un tracciato<\/strong> di circa 440 chilometri, che <strong>corre lungo tutta la regione<\/strong>, collegando <strong>Ventimiglia<\/strong> a Ponente con <strong>Ceparana<\/strong> a Levante, passando sulla dorsale appenninica. \u00c8 una grande \u201cstrada\u201d, che comprende <strong>sentieri<\/strong>, <strong>mulattiere<\/strong>, percorsi sterrati, non ci sono strade asfaltate. Attraversa vallate e boschi e, per brevi tratti, sconfina anche in Piemonte e Toscana. Dal <strong>lato naturalistico<\/strong> l\u2019Alta Via dei Monti Liguri <strong>\u00e8 un\u2019importante risorsa<\/strong>, ricca di biodiversit\u00e0 e vi far\u00e0 godere <strong>scenari mozzafiato<\/strong>. Nelle giornate pi\u00f9 limpide infatti potrete vedere il Monviso e il Massiccio del Monte Rosa, ma anche l\u2019isola della Corsica lato mare. Questo perch\u00e9 vi troverete sempre a un\u2019altezza di <strong>circa 1.000 metri sul livello del mare<\/strong>.<\/p>\n<p>Non preoccupatevi se state pensando che forse non potrete portare con voi i vostri <strong>bambini<\/strong>, perch\u00e9 si tratta di <strong>tracciati adatti a tutti<\/strong>. Potete percorrerli tutti insieme durante una giornata libera oppure approfittando di uno dei tanti ponti che le festivit\u00e0 primaverili regalano, riunendo pi\u00f9 tappe. Questi sentieri, un tempo attraversati da commercianti e contadini per raggiungere i centri abitati e gli alpeggi, vi permetteranno di conoscere <strong>angoli della Liguria inesplorati<\/strong>, immersi nella tranquillit\u00e0 delle alture. Potrete visitare pi\u00f9 localit\u00e0 spostandovi a piedi, in bicicletta, persino a cavallo. Lungo il percorso potete soggiornare in una delle tante strutture ricettive, dove sarete accolti come se foste a casa e mangerete prelibatezze e specialit\u00e0 del luogo.<\/p>\n<p>Camminare lungo l\u2019Alta Via dei Monti Liguri \u00e8 un\u2019esperienza unica nel suo genere. Ci si pu\u00f2 prendere il tempo per attraversare i sentieri, si pu\u00f2 godere del contatto con la natura incontaminata. Farete anche numerose scoperte, poich\u00e9 questi luoghi sono ricchi di storia, ne sono esempio la linea di fortificazioni del ponente e gli insediamenti rurali che si trovano lungo il crinale, come <strong>Realdo<\/strong> in provincia di Imperia, <strong>Canate<\/strong> nell\u2019entroterra genovese e <strong>Zignago<\/strong> nel territorio spezzino. Potreste visitare anche un castello o un museo.<\/p>\n<p>Vediamo meglio com\u2019\u00e8 articolata l\u2019Alta Via dei Monti Liguri, <strong>partendo da Ventimiglia<\/strong>. In totale si tratta di <strong>43 tappe<\/strong>, denominate Val Nervia, Alpi Liguri, Melogno, Beigua, Praglia, Scoffera, Zatta e Val di Vara.<\/p>\n<p>Il percorso inizia nella <strong>val Nervia<\/strong>. Qui si trovano moltissime specie animali e vegetali, per esempio rara flora di tipo alpino, insieme a lecci, aceri e faggi, habitat di aquile, camosci e lupi. Il passaggio pi\u00f9 suggestivo \u00e8 il Sentiero degli Alpini, un percorso scavato nella roccia a strapiombo che si estende lungo le pendici orientali dei Monti Pietravecchia e Toraggio. Fu costruito per scopi militari negli anni &#8217;30, per prevenire attacchi francesi. \u00c8 adatto a escursionisti esperti.<\/p>\n<p>Lungo le <strong>Alpi Liguri<\/strong> l\u2019Alta Via attraversa boschi di conifere e ampie praterie. Qui vi trovate nel cuore del <strong>Parco delle Alpi Liguri<\/strong> dove, se sarete fortunati, potrete avvistare lepri, camosci, martore o marmotte. Una volta raggiunta la cima del monte Saccarello vi potrete godere un bellissimo panorama, che spazia sul mare e sui monti. Ai piedi del massiccio ci sono gli antichi borghi Realdo e Verdeggia. Vicino al Colle di Nava si trovano ancora le prime fortificazioni sabaude.<\/p>\n<p>Passiamo alla tappa di <strong>Melogno<\/strong>. Qui resterete stupiti dai <em>Tre Giganti<\/em>, ovvero i monti Galero, Rocca Barbena e Carmo di Loano. Dall\u2019alto di queste rocce sovrasterete la Val Tanaro e Val Pennavaira. State all\u2019erta mentre passeggiate nel bosco, perch\u00e9 \u00e8 ricco di mirtilli. Dopo il monte Carmo vi troverete nella faggeta del Melogno, la quale costituisce da sempre un bene inestimabile per gli abitanti.<\/p>\n<p>La tappa del <strong>Beigua<\/strong> \u00e8 un\u2019area ad alta densit\u00e0 boschiva. Vi imbatterete anche in varie fortificazioni ottocentesche e altre opere militari. Nei pressi della localit\u00e0 Meugge costeggerete per diversi chilometri la Riserva Naturalistica dell&#8217;Adelasia. Al Colle del Giovo entrerete finalmente nel <strong>Parco del Beigua<\/strong>. Anche qui, per la gioia dei vostri bambini, potreste fare incontri inaspettati, con i daini per esempio, ma anche con i rapaci diurni.<\/p>\n<p><img loading=\"lazy\" decoding=\"async\" class=\"img-responsive wp-image-233 size-full\" src=\"http:\/\/blog.residenceliguria.com\/wp-content\/uploads\/2017\/04\/Monte_Beigua_-_neve_alta_via_dei_monti_liguri_guardando_verso_la_Pianura_Padana_-_panoramio.jpg\" alt=\"Il Monte Beigua\" width=\"2592\" height=\"1944\" srcset=\"https:\/\/blog.residenceliguria.com\/wp-content\/uploads\/2017\/04\/Monte_Beigua_-_neve_alta_via_dei_monti_liguri_guardando_verso_la_Pianura_Padana_-_panoramio.jpg 2592w, https:\/\/blog.residenceliguria.com\/wp-content\/uploads\/2017\/04\/Monte_Beigua_-_neve_alta_via_dei_monti_liguri_guardando_verso_la_Pianura_Padana_-_panoramio-300x225.jpg 300w, https:\/\/blog.residenceliguria.com\/wp-content\/uploads\/2017\/04\/Monte_Beigua_-_neve_alta_via_dei_monti_liguri_guardando_verso_la_Pianura_Padana_-_panoramio-768x576.jpg 768w, https:\/\/blog.residenceliguria.com\/wp-content\/uploads\/2017\/04\/Monte_Beigua_-_neve_alta_via_dei_monti_liguri_guardando_verso_la_Pianura_Padana_-_panoramio-1024x768.jpg 1024w\" sizes=\"auto, (max-width: 2592px) 100vw, 2592px\" \/><\/p>\n<p>Siamo ormai arrivati a <strong>Praglia<\/strong>. Superata la fortificazione del Bric Geremia arriverete nei pressi del Sacrario dei Martiri del Turchino, che ricorda l&#8217;eccidio di partigiani e prigionieri politici avvenuto nel 1944. Fermatevi un po\u2019 a Punta Mart\u00ecn, per osservare i particolari fenomeni erosivi delle sue rocce. Nelle vicinanze ci sono i laghi del Gorzente, perfetti per rilassarsi e il Passo della Bocchetta, dal quale si possono ammirare neviere in buono stato di conservazione.<\/p>\n<p>Con la tappa della <strong>Scoffera<\/strong> si valica la citt\u00e0 di Genova. Lungo la vostra passeggiata incontrerete la funicolare e una strada ferrata, che conducono a <strong>Righi<\/strong> e Casella e alla Pianura Padana, questa \u00e8 l\u2019antica via del sale. Arrivati al monte Lavagnola potreste proseguire per il sentiero che porta al monte <strong>Antola<\/strong>, che si trova all\u2019interno dell\u2019omonimo Parco Naturale Regionale. Potete raggiungere il monte Caucaso e le sorgenti del torrente Aveto e, pi\u00f9 a est, il monte Ramaceto, da non perdere per la sua particolare forma ad anfiteatro.<\/p>\n<p>Dal Passo della Forcella entrerete nel cuore del <strong>Parco Naturale Regionale dell&#8217;Aveto,<\/strong> un\u2019area di grande importanza naturalistica, paesaggistica e non solo: gli abitanti vi faranno conoscere le tradizioni e le attivit\u00e0 tipiche che ancora resistono. Oltre la Cappelletta delle Lame arriverete ai laghetti di origine glaciale, che si trovano alle pendici occidentali del monte Aiona. Quanto uscirete dalla faggeta del monte Zatta, che d\u00e0 il nome a questa tappa, arriverete al Passo di Cento Croci, l\u2019antico valico tra la Repubblica di Genova e il Ducato di Parma.<\/p>\n<p>La <strong>Val di Vara<\/strong> \u00e8 l\u2019ultimo tratto dell\u2019Alta Via dei Monti Liguri. In questa zona i boschi si alternano ad ampie praterie destinate al pascolo. \u00c8 qui che sorge il monte pi\u00f9 alto della Liguria orientale, il <strong>Gottero<\/strong>, con 1.640 metri di altezza. Anche qui potreste fare incontri piacevoli, poich\u00e9 l\u2019area \u00e8 un\u2019oasi faunistica molto importante. Superati i valichi Calzavitello e Rastello potrete godrete di uno scenario incredibile: scorgerete, da un solo punto, le Alpi Apuane e il Golfo dei Poeti, accanto al monte Cornoviglio. La discesa a valle vi porter\u00e0 al centro storico di Bolano. Poco distante si trova il paese di Ceparana, dove termina l\u2019Alta Via.<\/p>\n<p>&nbsp;<\/p>\n<p>Di seguito, trovate anche la cartina con contrassegnato il percorso dell&#8217;Alta Via dei Monti Liguri.<\/p>\n<p><a href=\"http:\/\/blog.residenceliguria.com\/wp-content\/uploads\/2017\/04\/cartina-mappa-alta-via-dei-monti-liguri.jpg\"><img loading=\"lazy\" decoding=\"async\" class=\"img-responsive wp-image-234 size-full\" src=\"http:\/\/blog.residenceliguria.com\/wp-content\/uploads\/2017\/04\/cartina-mappa-alta-via-dei-monti-liguri.jpg\" alt=\"Mappa \/ Cartina dell'Alta Via dei Monti Liguri\" width=\"1100\" height=\"577\" srcset=\"https:\/\/blog.residenceliguria.com\/wp-content\/uploads\/2017\/04\/cartina-mappa-alta-via-dei-monti-liguri.jpg 1100w, https:\/\/blog.residenceliguria.com\/wp-content\/uploads\/2017\/04\/cartina-mappa-alta-via-dei-monti-liguri-300x157.jpg 300w, https:\/\/blog.residenceliguria.com\/wp-content\/uploads\/2017\/04\/cartina-mappa-alta-via-dei-monti-liguri-768x403.jpg 768w, https:\/\/blog.residenceliguria.com\/wp-content\/uploads\/2017\/04\/cartina-mappa-alta-via-dei-monti-liguri-1024x537.jpg 1024w\" sizes=\"auto, (max-width: 1100px) 100vw, 1100px\" \/><\/a><\/p>","protected":false},"excerpt":{"rendered":"<p>Vi piace stare all\u2019aria aperta e passeggiare? Vorreste vedere scenari naturali diversi, ancora incontaminati? Se la risposta \u00e8 s\u00ec allora la vostra meta \u00e8 l\u2019Alta Via dei Monti Liguri. \u00c8 un tracciato di circa 440 chilometri, che corre lungo tutta la regione, collegando Ventimiglia a Ponente con Ceparana a Levante, passando sulla dorsale appenninica. \u00c8 &hellip;<\/p>\n","protected":false},"author":1,"featured_media":232,"comment_status":"open","ping_status":"open","sticky":false,"template":"","format":"standard","meta":{"footnotes":""},"categories":[26],"tags":[160,166,162,157,155,168,161,163,167,164,156,165,116,159,139,158],"class_list":["post-231","post","type-post","status-publish","format-standard","has-post-thumbnail","hentry","category-itinerari","tag-alpi-liguri","tag-antola","tag-beigua","tag-canate","tag-ceparana","tag-gottero","tag-melogno","tag-parco-del-beigua","tag-parco-naturale-regionale-dellaveto","tag-praglia","tag-realdo","tag-scoffera","tag-val-di-vara","tag-val-nervia","tag-ventimiglia","tag-zignago"],"yoast_head":"<!-- This site is optimized with the Yoast SEO plugin v23.6 - https:\/\/yoast.com\/wordpress\/plugins\/seo\/ -->\n<title>L&#039;Alta Via dei Monti Liguri - Il Blog di Residence di Liguria<\/title>\n<meta name=\"description\" content=\"Alla scoperta di un tracciato che percorre tutta la Liguria, da Ponente a Levante, nella natura pi\u00f9 incontaminata!\" \/>\n<meta name=\"robots\" content=\"index, follow, max-snippet:-1, max-image-preview:large, max-video-preview:-1\" \/>\n<link rel=\"canonical\" href=\"https:\/\/blog.residenceliguria.com\/it\/alta-via-dei-monti-liguri\/\" \/>\n<meta property=\"og:locale\" content=\"it_IT\" \/>\n<meta property=\"og:type\" content=\"article\" \/>\n<meta property=\"og:title\" content=\"L&#039;Alta Via dei Monti Liguri - Il Blog di Residence di Liguria\" \/>\n<meta property=\"og:description\" content=\"Alla scoperta di un tracciato che percorre tutta la Liguria, da Ponente a Levante, nella natura pi\u00f9 incontaminata!\" \/>\n<meta property=\"og:url\" content=\"https:\/\/blog.residenceliguria.com\/it\/alta-via-dei-monti-liguri\/\" \/>\n<meta property=\"og:site_name\" content=\"Il Blog di Residence di Liguria\" \/>\n<meta property=\"article:publisher\" content=\"https:\/\/www.facebook.com\/ResidenceDiLiguria\" \/>\n<meta property=\"article:published_time\" content=\"2017-04-19T08:45:44+00:00\" \/>\n<meta property=\"article:modified_time\" content=\"2017-12-12T14:13:21+00:00\" \/>\n<meta property=\"og:image\" content=\"https:\/\/blog.residenceliguria.com\/wp-content\/uploads\/2017\/04\/alta-via-dei-monti-liguri.jpg\" \/>\n\t<meta property=\"og:image:width\" content=\"1200\" \/>\n\t<meta property=\"og:image:height\" content=\"857\" \/>\n\t<meta property=\"og:image:type\" content=\"image\/jpeg\" \/>\n<meta name=\"author\" content=\"ResidenceLiguria\" \/>\n<meta name=\"twitter:card\" content=\"summary_large_image\" \/>\n<meta name=\"twitter:creator\" content=\"@liguriavacanze\" \/>\n<meta name=\"twitter:site\" content=\"@liguriavacanze\" \/>\n<meta name=\"twitter:label1\" content=\"Scritto da\" \/>\n\t<meta name=\"twitter:data1\" content=\"ResidenceLiguria\" \/>\n\t<meta name=\"twitter:label2\" content=\"Tempo di lettura stimato\" \/>\n\t<meta name=\"twitter:data2\" content=\"5 minuti\" \/>\n<script type=\"application\/ld+json\" class=\"yoast-schema-graph\">{\"@context\":\"https:\/\/schema.org\",\"@graph\":[{\"@type\":\"Article\",\"@id\":\"https:\/\/blog.residenceliguria.com\/it\/alta-via-dei-monti-liguri\/#article\",\"isPartOf\":{\"@id\":\"https:\/\/blog.residenceliguria.com\/it\/alta-via-dei-monti-liguri\/\"},\"author\":{\"name\":\"ResidenceLiguria\",\"@id\":\"https:\/\/blog.residenceliguria.com\/it\/#\/schema\/person\/56d50e78d9e43765ffcfce591fb5d129\"},\"headline\":\"L&#8217;Alta Via dei Monti Liguri\",\"datePublished\":\"2017-04-19T08:45:44+00:00\",\"dateModified\":\"2017-12-12T14:13:21+00:00\",\"mainEntityOfPage\":{\"@id\":\"https:\/\/blog.residenceliguria.com\/it\/alta-via-dei-monti-liguri\/\"},\"wordCount\":1044,\"commentCount\":0,\"publisher\":{\"@id\":\"https:\/\/blog.residenceliguria.com\/it\/#organization\"},\"image\":{\"@id\":\"https:\/\/blog.residenceliguria.com\/it\/alta-via-dei-monti-liguri\/#primaryimage\"},\"thumbnailUrl\":\"https:\/\/blog.residenceliguria.com\/wp-content\/uploads\/2017\/04\/alta-via-dei-monti-liguri.jpg\",\"keywords\":[\"Alpi Liguri\",\"Antola\",\"Beigua\",\"Canate\",\"Ceparana\",\"Gottero\",\"Melogno\",\"Parco del Beigua\",\"Parco Naturale Regionale dell'Aveto\",\"Praglia\",\"Realdo\",\"Scoffera\",\"Val di Vara\",\"Val Nervia\",\"Ventimiglia\",\"Zignago\"],\"articleSection\":[\"Itinerari\"],\"inLanguage\":\"it-IT\",\"potentialAction\":[{\"@type\":\"CommentAction\",\"name\":\"Comment\",\"target\":[\"https:\/\/blog.residenceliguria.com\/it\/alta-via-dei-monti-liguri\/#respond\"]}]},{\"@type\":\"WebPage\",\"@id\":\"https:\/\/blog.residenceliguria.com\/it\/alta-via-dei-monti-liguri\/\",\"url\":\"https:\/\/blog.residenceliguria.com\/it\/alta-via-dei-monti-liguri\/\",\"name\":\"L'Alta Via dei Monti Liguri - Il Blog di Residence di Liguria\",\"isPartOf\":{\"@id\":\"https:\/\/blog.residenceliguria.com\/it\/#website\"},\"primaryImageOfPage\":{\"@id\":\"https:\/\/blog.residenceliguria.com\/it\/alta-via-dei-monti-liguri\/#primaryimage\"},\"image\":{\"@id\":\"https:\/\/blog.residenceliguria.com\/it\/alta-via-dei-monti-liguri\/#primaryimage\"},\"thumbnailUrl\":\"https:\/\/blog.residenceliguria.com\/wp-content\/uploads\/2017\/04\/alta-via-dei-monti-liguri.jpg\",\"datePublished\":\"2017-04-19T08:45:44+00:00\",\"dateModified\":\"2017-12-12T14:13:21+00:00\",\"description\":\"Alla scoperta di un tracciato che percorre tutta la Liguria, da Ponente a Levante, nella natura pi\u00f9 incontaminata!\",\"breadcrumb\":{\"@id\":\"https:\/\/blog.residenceliguria.com\/it\/alta-via-dei-monti-liguri\/#breadcrumb\"},\"inLanguage\":\"it-IT\",\"potentialAction\":[{\"@type\":\"ReadAction\",\"target\":[\"https:\/\/blog.residenceliguria.com\/it\/alta-via-dei-monti-liguri\/\"]}]},{\"@type\":\"ImageObject\",\"inLanguage\":\"it-IT\",\"@id\":\"https:\/\/blog.residenceliguria.com\/it\/alta-via-dei-monti-liguri\/#primaryimage\",\"url\":\"https:\/\/blog.residenceliguria.com\/wp-content\/uploads\/2017\/04\/alta-via-dei-monti-liguri.jpg\",\"contentUrl\":\"https:\/\/blog.residenceliguria.com\/wp-content\/uploads\/2017\/04\/alta-via-dei-monti-liguri.jpg\",\"width\":1200,\"height\":857},{\"@type\":\"BreadcrumbList\",\"@id\":\"https:\/\/blog.residenceliguria.com\/it\/alta-via-dei-monti-liguri\/#breadcrumb\",\"itemListElement\":[{\"@type\":\"ListItem\",\"position\":1,\"name\":\"Home\",\"item\":\"https:\/\/blog.residenceliguria.com\/it\/\"},{\"@type\":\"ListItem\",\"position\":2,\"name\":\"L&#8217;Alta Via dei Monti Liguri\"}]},{\"@type\":\"WebSite\",\"@id\":\"https:\/\/blog.residenceliguria.com\/it\/#website\",\"url\":\"https:\/\/blog.residenceliguria.com\/it\/\",\"name\":\"Il Blog di Residence di Liguria\",\"description\":\"Idee, suggerimenti, ispirazioni per visitare la Liguria\",\"publisher\":{\"@id\":\"https:\/\/blog.residenceliguria.com\/it\/#organization\"},\"potentialAction\":[{\"@type\":\"SearchAction\",\"target\":{\"@type\":\"EntryPoint\",\"urlTemplate\":\"https:\/\/blog.residenceliguria.com\/it\/?s={search_term_string}\"},\"query-input\":{\"@type\":\"PropertyValueSpecification\",\"valueRequired\":true,\"valueName\":\"search_term_string\"}}],\"inLanguage\":\"it-IT\"},{\"@type\":\"Organization\",\"@id\":\"https:\/\/blog.residenceliguria.com\/it\/#organization\",\"name\":\"Il Blog di Residence di Liguria\",\"url\":\"https:\/\/blog.residenceliguria.com\/it\/\",\"logo\":{\"@type\":\"ImageObject\",\"inLanguage\":\"it-IT\",\"@id\":\"https:\/\/blog.residenceliguria.com\/it\/#\/schema\/logo\/image\/\",\"url\":\"https:\/\/blog.residenceliguria.com\/wp-content\/uploads\/2017\/01\/logo.jpg\",\"contentUrl\":\"https:\/\/blog.residenceliguria.com\/wp-content\/uploads\/2017\/01\/logo.jpg\",\"width\":149,\"height\":220,\"caption\":\"Il Blog di Residence di Liguria\"},\"image\":{\"@id\":\"https:\/\/blog.residenceliguria.com\/it\/#\/schema\/logo\/image\/\"},\"sameAs\":[\"https:\/\/www.facebook.com\/ResidenceDiLiguria\",\"https:\/\/x.com\/liguriavacanze\",\"https:\/\/www.instagram.com\/residencediliguria\/\",\"https:\/\/it.pinterest.com\/liguriavacanze\/\"]},{\"@type\":\"Person\",\"@id\":\"https:\/\/blog.residenceliguria.com\/it\/#\/schema\/person\/56d50e78d9e43765ffcfce591fb5d129\",\"name\":\"ResidenceLiguria\",\"url\":\"https:\/\/blog.residenceliguria.com\/it\/author\/residenceliguria\/\"}]}<\/script>\n<!-- \/ Yoast SEO plugin. -->","yoast_head_json":{"title":"L'Alta Via dei Monti Liguri - Il Blog di Residence di Liguria","description":"Alla scoperta di un tracciato che percorre tutta la Liguria, da Ponente a Levante, nella natura pi\u00f9 incontaminata!","robots":{"index":"index","follow":"follow","max-snippet":"max-snippet:-1","max-image-preview":"max-image-preview:large","max-video-preview":"max-video-preview:-1"},"canonical":"https:\/\/blog.residenceliguria.com\/it\/alta-via-dei-monti-liguri\/","og_locale":"it_IT","og_type":"article","og_title":"L'Alta Via dei Monti Liguri - Il Blog di Residence di Liguria","og_description":"Alla scoperta di un tracciato che percorre tutta la Liguria, da Ponente a Levante, nella natura pi\u00f9 incontaminata!","og_url":"https:\/\/blog.residenceliguria.com\/it\/alta-via-dei-monti-liguri\/","og_site_name":"Il Blog di Residence di Liguria","article_publisher":"https:\/\/www.facebook.com\/ResidenceDiLiguria","article_published_time":"2017-04-19T08:45:44+00:00","article_modified_time":"2017-12-12T14:13:21+00:00","og_image":[{"width":1200,"height":857,"url":"https:\/\/blog.residenceliguria.com\/wp-content\/uploads\/2017\/04\/alta-via-dei-monti-liguri.jpg","type":"image\/jpeg"}],"author":"ResidenceLiguria","twitter_card":"summary_large_image","twitter_creator":"@liguriavacanze","twitter_site":"@liguriavacanze","twitter_misc":{"Scritto da":"ResidenceLiguria","Tempo di lettura stimato":"5 minuti"},"schema":{"@context":"https:\/\/schema.org","@graph":[{"@type":"Article","@id":"https:\/\/blog.residenceliguria.com\/it\/alta-via-dei-monti-liguri\/#article","isPartOf":{"@id":"https:\/\/blog.residenceliguria.com\/it\/alta-via-dei-monti-liguri\/"},"author":{"name":"ResidenceLiguria","@id":"https:\/\/blog.residenceliguria.com\/it\/#\/schema\/person\/56d50e78d9e43765ffcfce591fb5d129"},"headline":"L&#8217;Alta Via dei Monti Liguri","datePublished":"2017-04-19T08:45:44+00:00","dateModified":"2017-12-12T14:13:21+00:00","mainEntityOfPage":{"@id":"https:\/\/blog.residenceliguria.com\/it\/alta-via-dei-monti-liguri\/"},"wordCount":1044,"commentCount":0,"publisher":{"@id":"https:\/\/blog.residenceliguria.com\/it\/#organization"},"image":{"@id":"https:\/\/blog.residenceliguria.com\/it\/alta-via-dei-monti-liguri\/#primaryimage"},"thumbnailUrl":"https:\/\/blog.residenceliguria.com\/wp-content\/uploads\/2017\/04\/alta-via-dei-monti-liguri.jpg","keywords":["Alpi Liguri","Antola","Beigua","Canate","Ceparana","Gottero","Melogno","Parco del Beigua","Parco Naturale Regionale dell'Aveto","Praglia","Realdo","Scoffera","Val di Vara","Val Nervia","Ventimiglia","Zignago"],"articleSection":["Itinerari"],"inLanguage":"it-IT","potentialAction":[{"@type":"CommentAction","name":"Comment","target":["https:\/\/blog.residenceliguria.com\/it\/alta-via-dei-monti-liguri\/#respond"]}]},{"@type":"WebPage","@id":"https:\/\/blog.residenceliguria.com\/it\/alta-via-dei-monti-liguri\/","url":"https:\/\/blog.residenceliguria.com\/it\/alta-via-dei-monti-liguri\/","name":"L'Alta Via dei Monti Liguri - Il Blog di Residence di Liguria","isPartOf":{"@id":"https:\/\/blog.residenceliguria.com\/it\/#website"},"primaryImageOfPage":{"@id":"https:\/\/blog.residenceliguria.com\/it\/alta-via-dei-monti-liguri\/#primaryimage"},"image":{"@id":"https:\/\/blog.residenceliguria.com\/it\/alta-via-dei-monti-liguri\/#primaryimage"},"thumbnailUrl":"https:\/\/blog.residenceliguria.com\/wp-content\/uploads\/2017\/04\/alta-via-dei-monti-liguri.jpg","datePublished":"2017-04-19T08:45:44+00:00","dateModified":"2017-12-12T14:13:21+00:00","description":"Alla scoperta di un tracciato che percorre tutta la Liguria, da Ponente a Levante, nella natura pi\u00f9 incontaminata!","breadcrumb":{"@id":"https:\/\/blog.residenceliguria.com\/it\/alta-via-dei-monti-liguri\/#breadcrumb"},"inLanguage":"it-IT","potentialAction":[{"@type":"ReadAction","target":["https:\/\/blog.residenceliguria.com\/it\/alta-via-dei-monti-liguri\/"]}]},{"@type":"ImageObject","inLanguage":"it-IT","@id":"https:\/\/blog.residenceliguria.com\/it\/alta-via-dei-monti-liguri\/#primaryimage","url":"https:\/\/blog.residenceliguria.com\/wp-content\/uploads\/2017\/04\/alta-via-dei-monti-liguri.jpg","contentUrl":"https:\/\/blog.residenceliguria.com\/wp-content\/uploads\/2017\/04\/alta-via-dei-monti-liguri.jpg","width":1200,"height":857},{"@type":"BreadcrumbList","@id":"https:\/\/blog.residenceliguria.com\/it\/alta-via-dei-monti-liguri\/#breadcrumb","itemListElement":[{"@type":"ListItem","position":1,"name":"Home","item":"https:\/\/blog.residenceliguria.com\/it\/"},{"@type":"ListItem","position":2,"name":"L&#8217;Alta Via dei Monti Liguri"}]},{"@type":"WebSite","@id":"https:\/\/blog.residenceliguria.com\/it\/#website","url":"https:\/\/blog.residenceliguria.com\/it\/","name":"Il Blog di Residence di Liguria","description":"Idee, suggerimenti, ispirazioni per visitare la Liguria","publisher":{"@id":"https:\/\/blog.residenceliguria.com\/it\/#organization"},"potentialAction":[{"@type":"SearchAction","target":{"@type":"EntryPoint","urlTemplate":"https:\/\/blog.residenceliguria.com\/it\/?s={search_term_string}"},"query-input":{"@type":"PropertyValueSpecification","valueRequired":true,"valueName":"search_term_string"}}],"inLanguage":"it-IT"},{"@type":"Organization","@id":"https:\/\/blog.residenceliguria.com\/it\/#organization","name":"Il Blog di Residence di Liguria","url":"https:\/\/blog.residenceliguria.com\/it\/","logo":{"@type":"ImageObject","inLanguage":"it-IT","@id":"https:\/\/blog.residenceliguria.com\/it\/#\/schema\/logo\/image\/","url":"https:\/\/blog.residenceliguria.com\/wp-content\/uploads\/2017\/01\/logo.jpg","contentUrl":"https:\/\/blog.residenceliguria.com\/wp-content\/uploads\/2017\/01\/logo.jpg","width":149,"height":220,"caption":"Il Blog di Residence di Liguria"},"image":{"@id":"https:\/\/blog.residenceliguria.com\/it\/#\/schema\/logo\/image\/"},"sameAs":["https:\/\/www.facebook.com\/ResidenceDiLiguria","https:\/\/x.com\/liguriavacanze","https:\/\/www.instagram.com\/residencediliguria\/","https:\/\/it.pinterest.com\/liguriavacanze\/"]},{"@type":"Person","@id":"https:\/\/blog.residenceliguria.com\/it\/#\/schema\/person\/56d50e78d9e43765ffcfce591fb5d129","name":"ResidenceLiguria","url":"https:\/\/blog.residenceliguria.com\/it\/author\/residenceliguria\/"}]}},"wps_subtitle":"Un sentiero che percorre tutta la Liguria!","_links":{"self":[{"href":"https:\/\/blog.residenceliguria.com\/it\/wp-json\/wp\/v2\/posts\/231","targetHints":{"allow":["GET"]}}],"collection":[{"href":"https:\/\/blog.residenceliguria.com\/it\/wp-json\/wp\/v2\/posts"}],"about":[{"href":"https:\/\/blog.residenceliguria.com\/it\/wp-json\/wp\/v2\/types\/post"}],"author":[{"embeddable":true,"href":"https:\/\/blog.residenceliguria.com\/it\/wp-json\/wp\/v2\/users\/1"}],"replies":[{"embeddable":true,"href":"https:\/\/blog.residenceliguria.com\/it\/wp-json\/wp\/v2\/comments?post=231"}],"version-history":[{"count":7,"href":"https:\/\/blog.residenceliguria.com\/it\/wp-json\/wp\/v2\/posts\/231\/revisions"}],"predecessor-version":[{"id":757,"href":"https:\/\/blog.residenceliguria.com\/it\/wp-json\/wp\/v2\/posts\/231\/revisions\/757"}],"wp:featuredmedia":[{"embeddable":true,"href":"https:\/\/blog.residenceliguria.com\/it\/wp-json\/wp\/v2\/media\/232"}],"wp:attachment":[{"href":"https:\/\/blog.residenceliguria.com\/it\/wp-json\/wp\/v2\/media?parent=231"}],"wp:term":[{"taxonomy":"category","embeddable":true,"href":"https:\/\/blog.residenceliguria.com\/it\/wp-json\/wp\/v2\/categories?post=231"},{"taxonomy":"post_tag","embeddable":true,"href":"https:\/\/blog.residenceliguria.com\/it\/wp-json\/wp\/v2\/tags?post=231"}],"curies":[{"name":"wp","href":"https:\/\/api.w.org\/{rel}","templated":true}]}}