{"id":2243,"date":"2022-07-22T15:25:40","date_gmt":"2022-07-22T13:25:40","guid":{"rendered":"https:\/\/blog.residenceliguria.com\/?p=2243"},"modified":"2022-07-22T15:26:50","modified_gmt":"2022-07-22T13:26:50","slug":"a-spasso-per-i-parchi-della-liguria-blog-rdl","status":"publish","type":"post","link":"https:\/\/blog.residenceliguria.com\/it\/a-spasso-per-i-parchi-della-liguria-blog-rdl\/","title":{"rendered":"Mete estive insolite: a spasso per i Parchi della Liguria"},"content":{"rendered":"<p><span style=\"font-weight: 400;\">La Liguria non \u00e8 solo mare. Specialmente nel periodo estivo, molti potrebbero essere scoraggiati dall\u2019idea di arrivare nella regione e trovare soltanto spiagge affollate e dover affrontare una vera e propria battaglia per il parcheggio vicino alla battigia. Nonostante ci\u00f2, il territorio ha molto altro da offrire e, per chi cerca tranquillit\u00e0, sar\u00e0 possibile andare a spasso per i parchi della Liguria.<\/span><\/p>\n<p>&nbsp;<\/p>\n<p><span style=\"font-weight: 400;\">Dal Levante al Ponente passando per il genovesato, la nostra regione \u00e8 ricca di sentieri a diverse quote, molti dei quali attraversano i Parchi Regionali e Naturali permettendo agli escursionisti di godere di viste incantevoli e di scoprire la flora e la fauna che la\u00a0 caratterizzano, parco dopo parco. Oltre ad essere un ottimo modo per ritrovare il contatto con la natura, organizzare gite ed escursioni nei parchi ti permetter\u00e0 di sfuggire al caldo, di percorrere sentieri immersi nei boschi, al fresco dell\u2019ombra degli alberi e di rigenerarti con un bagno al fiume.<\/span><\/p>\n<p><span style=\"font-weight: 400;\">Attenzione: informati prima sulla balneabilit\u00e0 del fiume e sulla sicurezza del tratto che hai scelto.<\/span><\/p>\n<p>&nbsp;<\/p>\n<h3><b>Da Levante a Ponente, ecco alcuni parchi meno conosciuti da visitare assolutamente!<\/b><\/h3>\n<p>&nbsp;<\/p>\n<h3><b>Parco Naturale di Montemarcello Magra Vara<\/b><\/h3>\n<p><span style=\"font-weight: 400;\">Se dal lato opposto del Golfo dei Poeti si trovano i pi\u00f9 famosi Parco di Portovenere e Parco delle Cinque Terre, nell\u2019ultima lingua di Liguria, al confine con la Toscana, si trova il Parco di Montemarcello Magra Vara. Attraversato dall\u2019<\/span><b>Alta Via dei Monti Liguri<\/b><span style=\"font-weight: 400;\">, il\u00a0<\/span><b>Parco Naturale di Montemarcello Magra Vara<\/b><span style=\"font-weight: 400;\">\u00a0\u00e8 un\u2019area protetta che si estende su di un\u2019area molto vasta (4320 ettari) e che comprende il\u00a0<\/span><b>promontorio del Caprione<\/b><span style=\"font-weight: 400;\">\u00a0e il\u00a0<\/span><b>basso corso del fiume Magra<\/b><span style=\"font-weight: 400;\">.\u00a0L\u2019area fluviale, essendo molto florida, abbraccia una\u00a0<\/span><b>ricchissima vegetazione<\/b><span style=\"font-weight: 400;\">, tra cui pioppi bianchi e pioppi neri.\u00a0<\/span><\/p>\n<p><span style=\"font-weight: 400;\">Essendoci\u00a0<\/span><b>molteplici microclimi<\/b><span style=\"font-weight: 400;\">\u00a0all\u2019interno dell\u2019area naturale, si sono creati altrettanti\u00a0<\/span><b>microsistemi<\/b><span style=\"font-weight: 400;\">, ciascuno dei quali \u00e8 abitato da\u00a0<\/span><b>specie animali differenti<\/b><span style=\"font-weight: 400;\">: avvicinandovi al fiume potrete scorgere il caratteristico canto dell\u2019usignolo di fiume\u00a0 Inoltre Il Parco Naturale di Montemarcello Magra Vara\u00a0 attraversa 18 comuni, includendo itinerari magnifici di valenza storica, artistica e culturale.<\/span><\/p>\n<p>&nbsp;<\/p>\n<h3><b>Parco Naturale Regionale dell\u2019Aveto<\/b><\/h3>\n<p><span style=\"font-weight: 400;\">In una delle aree naturalisticamente pi\u00f9 importanti dell\u2019<\/span><b>Appennino Ligure<\/b><span style=\"font-weight: 400;\">\u00a0si trova il<\/span><b> Parco Naturale Regionale dell\u2019Aveto<\/b><span style=\"font-weight: 400;\">, istituito per proteggere una moltitudine di variet\u00e0 di flora e di fauna, cos\u00ec come per tutelare le opere che l\u2019uomo ha costruito in quest\u2019area.\u00a0<\/span><\/p>\n<p><span style=\"font-weight: 400;\">In poco pi\u00f9 di 3000 ettari si distendono ben\u00a0<\/span><b>3 valli<\/b><span style=\"font-weight: 400;\">: la<strong> Val d&#8217;Aveto<\/strong><\/span><span style=\"font-weight: 400;\">, frequentata d\u2019inverno dagli appassionati dello sci (di fondo e alpinistico), la\u00a0<\/span><b>Val Sturla<\/b><span style=\"font-weight: 400;\">, dove son presenti distese di noccioleti, castagneti e oliveti, e la\u00a0<\/span><b>Val Graveglia<\/b><span style=\"font-weight: 400;\">, ricca di minerali sul suolo grazie a formazioni rocciose e geologiche antichissime.\u00a0<\/span><span style=\"font-weight: 400;\">Il\u00a0<\/span><b>Parco dell\u2019Aveto<\/b><span style=\"font-weight: 400;\">\u00a0\u00e8 la destinazione perfetta per gli amanti dello sport e delle attivit\u00e0 all\u2019aperto in tutte le stagioni. Non solo \u00e8 possibile praticare trekking, ma anche avventurarsi con le mountain bike, fare passeggiate a cavallo e, d\u2019inverno, mettersi gli sci ai piedi per fare sci di fondo o di discesa. Insomma, l\u2019 aria d\u2019alta quota e la natura offrono un ottimo rifugio dal caldo estivo.<\/span><\/p>\n<p>&nbsp;<\/p>\n<h3><b>Parco delle Capanne di Marcarolo<\/b><\/h3>\n<p><span style=\"font-weight: 400;\">Spostandosi verso l\u2019entroterra dietro Genova, a cavallo tra la Liguria e il Piemonte si estende il\u00a0<\/span><b>Parco Naturale delle Capanne di Marcarolo<\/b><span style=\"font-weight: 400;\">. Con oltre 8000 ettari di superficie, si pu\u00f2 attraversare un <\/span><b>vasto altopiano<\/b><span style=\"font-weight: 400;\">\u00a0tra il versante costiero e quello pianeggiante. In questa zona si possono incontrare corsi d\u2019acqua, torrenti e bacini che rendono rigogliosa e fitta la macchia mediterranea.\u00a0 Il\u00a0<\/span><b>periodo migliore\u00a0<\/b><span style=\"font-weight: 400;\">per visitare il parco \u00e8 sicuramente quello\u00a0<\/span><b>primaverile<\/b><span style=\"font-weight: 400;\">\u00a0ed\u00a0<\/span><b>autunnale<\/b><span style=\"font-weight: 400;\">, quando la natura si mostra in tutta la sua bellezza grazie ai suoi tipici colori rossastri e giallognoli, ma anche in estate potrebbe essere una buona alternativa alla costa, raggiungibile in tempi ragionevoli.<\/span><\/p>\n<h3><\/h3>\n<h3><b>Parco Naturale Regionale dell\u2019Antola<\/b><\/h3>\n<p><span style=\"font-weight: 400;\">La vicinanza alla citt\u00e0 di Genova rende il\u00a0<\/span><b>Parco Naturale Regionale dell\u2019Antola<\/b><span style=\"font-weight: 400;\">\u00a0la meta ideale per chi vuole abbinare il mare alla montagna.\u00a0Un tempo attraversata dai viandanti per gli scambi commerciali, oggi viene percorsa da escursionisti amanti delle camminate in mezzo alla natura. <\/span><span style=\"font-weight: 400;\">Oltre a una rigogliosa vegetazione, il parco \u00e8 famoso per la maggiore concentrazione di\u00a0<\/span><b>farfalle<\/b><span style=\"font-weight: 400;\">\u00a0diurne, alcune delle quali risalgono all\u2019epoca della glaciazione.\u00a0<\/span><\/p>\n<p>&nbsp;<\/p>\n<h3><b>Riserva Naturale Regionale dell\u2019Adelasia<\/b><\/h3>\n<p><span style=\"font-weight: 400;\">Andando verso Ponente, in provincia di Savona, nella<\/span><b>\u00a0Val Bormida<\/b><span style=\"font-weight: 400;\">, si trova l\u2019unica area naturalistica della zona: la\u00a0<\/span><b>Riserva Naturale Regionale dell\u2019Adelasia<\/b><span style=\"font-weight: 400;\">.<\/span><\/p>\n<p><span style=\"font-weight: 400;\">A maggioranza boschiva, l\u2019area \u00e8 costituita soprattutto da\u00a0<\/span><b>faggete<\/b><span style=\"font-weight: 400;\">, di cui la pi\u00f9 bella \u00e8 probabilmente quella di Costellasso.\u00a0un\u2019attrazione turistica molto interessanti per gli amanti del verde.<\/span><\/p>\n<p><span style=\"font-weight: 400;\">Oggi, nel parco, si \u00e8 formato un\u00a0<\/span><b>piccolo ecosistema con diverse specie animali e vegetali<\/b><span style=\"font-weight: 400;\">, il quale si sta estendendo. Il luogo perfetto per ritrovare la pace durante le ferie!\u00a0La superficie del parco non \u00e8 molto vasta, ma \u00e8 perfetta per chi vuole godersi una giornata di meritato relax o per gli amanti dell\u2019avventura, specialmente del\u00a0<\/span><b>trekking<\/b><span style=\"font-weight: 400;\">.\u00a0<\/span><\/p>\n<p>&nbsp;<\/p>\n<h3><b>Parco naturale regionale di Bric Tana<\/b><\/h3>\n<p><span style=\"font-weight: 400;\">Alte guglie di calcare sul fiume Bormida e cavit\u00e0 carsiche dove l\u2019acqua scorre sottoterra: il\u00a0<\/span><b>Parco di Bric Tana<\/b><span style=\"font-weight: 400;\">\u00a0in Val Bormida, nel comune di\u00a0<\/span><b>Millesimo<\/b><span style=\"font-weight: 400;\">, \u00e8 uno dei pi\u00f9 piccoli della Liguria. Uno <\/span><b>scrigno<\/b><span style=\"font-weight: 400;\">\u00a0ricco di tesori non molto conosciuti.<\/span><\/p>\n<p><b>Nel parco sono presenti aree coltivate e calanche<\/b><span style=\"font-weight: 400;\">: un paesaggio suggestivo per l&#8217;alternanza del verde e del grigio, misto alle colline di castagneti e boschi di piante antichissime. L&#8217;area protetta del Bric Tana e della Valle dei Tre Re \u00e8 interessata da fenomeni carsici, caratteristici per lo sviluppo delle cavit\u00e0 sotterranee e di particolari terreni geologici, come le Dolomie di San Pietro dei Monti.<\/span><span style=\"font-weight: 400;\"><br \/>\n<\/span><span style=\"font-weight: 400;\">I segni dell\u2019uomo, incisioni rupestri, menhir e testimonianze archeologiche, affondano nel passato come nel verde del bosco. Percorrendo la rete di sentieri naturalistici del parco si scoprono le\u00a0<\/span><b>incisioni rupestri di Biestro, i massi delle croci<\/b><span style=\"font-weight: 400;\">\u00a0sulla dorsale del Bric della Costa, il\u00a0<\/span><b>masso altare<\/b><span style=\"font-weight: 400;\">\u00a0di localit\u00e0 Colla, i\u00a0<\/span><b>menhir<\/b><span style=\"font-weight: 400;\"> di Millesimo e il <\/span><b>sito archeologico dell\u2019Et\u00e0 del bronzo<\/b><span style=\"font-weight: 400;\">\u00a0del Bric Tana.<\/span><\/p>\n<p>&nbsp;<\/p>\n<p><span style=\"font-weight: 400;\">I parchi sono difficilmente raggiungibili con i mezzi pubblici e spesso gli autobus o treni di collegamento non passano frequentemente, per questo ti consigliamo di organizzare le tue gite in macchina. Molti dei nostri residence mettono a disposizione degli ospiti un parcheggio, grazie a questo servizio avrai la possibilit\u00e0 di raggiungere la Liguria in auto e muoverti liberamente sul territorio<\/span><\/p>\n<p><span style=\"font-weight: 400;\">P.S. Non dimenticare scarpe comode e acqua in abbondanza!<\/span><\/p>","protected":false},"excerpt":{"rendered":"<p>La Liguria non \u00e8 solo mare. Specialmente nel periodo estivo, molti potrebbero essere scoraggiati dall\u2019idea di arrivare nella regione e trovare soltanto spiagge affollate e dover affrontare una vera e propria battaglia per il parcheggio vicino alla battigia. Nonostante ci\u00f2, il territorio ha molto altro da offrire e, per chi cerca tranquillit\u00e0, sar\u00e0 possibile andare &hellip;<\/p>\n","protected":false},"author":1,"featured_media":2242,"comment_status":"open","ping_status":"open","sticky":false,"template":"","format":"standard","meta":{"footnotes":""},"categories":[4,26,5,384,3],"tags":[485,6,20,484,487,486,22],"class_list":["post-2243","post","type-post","status-publish","format-standard","has-post-thumbnail","hentry","category-avventura","category-itinerari","category-liguria","category-liguriatrekkingexperience","category-natura","tag-escursioni","tag-liguria","tag-natura","tag-parchi","tag-parchi-minori","tag-parchi-naturali","tag-relax"],"yoast_head":"<!-- This site is optimized with the Yoast SEO plugin v23.6 - https:\/\/yoast.com\/wordpress\/plugins\/seo\/ -->\n<title>A spasso per i parchi della Liguria- Blog Residence di Liguria<\/title>\n<meta name=\"description\" content=\"A spasso per i parchi della Liguria. La nostra regione \u00e8 ricca di sentieri, Parchi Regionali e Naturali permettendo agli escursionisti di godere di viste incantevoli e di scoprire la flora e la fauna che la caratterizzano.\" \/>\n<meta name=\"robots\" content=\"index, follow, max-snippet:-1, max-image-preview:large, max-video-preview:-1\" \/>\n<link rel=\"canonical\" href=\"https:\/\/blog.residenceliguria.com\/it\/a-spasso-per-i-parchi-della-liguria-blog-rdl\/\" \/>\n<meta property=\"og:locale\" content=\"it_IT\" \/>\n<meta property=\"og:type\" content=\"article\" \/>\n<meta property=\"og:title\" content=\"A spasso per i parchi della Liguria- Blog Residence di Liguria\" \/>\n<meta property=\"og:description\" content=\"A spasso per i parchi della Liguria. La nostra regione \u00e8 ricca di sentieri, Parchi Regionali e Naturali permettendo agli escursionisti di godere di viste incantevoli e di scoprire la flora e la fauna che la caratterizzano.\" \/>\n<meta property=\"og:url\" content=\"https:\/\/blog.residenceliguria.com\/it\/a-spasso-per-i-parchi-della-liguria-blog-rdl\/\" \/>\n<meta property=\"og:site_name\" content=\"Il Blog di Residence di Liguria\" \/>\n<meta property=\"article:publisher\" content=\"https:\/\/www.facebook.com\/ResidenceDiLiguria\" \/>\n<meta property=\"article:published_time\" content=\"2022-07-22T13:25:40+00:00\" \/>\n<meta property=\"article:modified_time\" content=\"2022-07-22T13:26:50+00:00\" \/>\n<meta property=\"og:image\" content=\"https:\/\/blog.residenceliguria.com\/wp-content\/uploads\/2022\/07\/beihua-4.jpg\" \/>\n\t<meta property=\"og:image:width\" content=\"1024\" \/>\n\t<meta property=\"og:image:height\" content=\"768\" \/>\n\t<meta property=\"og:image:type\" content=\"image\/jpeg\" \/>\n<meta name=\"author\" content=\"ResidenceLiguria\" \/>\n<meta name=\"twitter:card\" content=\"summary_large_image\" \/>\n<meta name=\"twitter:creator\" content=\"@liguriavacanze\" \/>\n<meta name=\"twitter:site\" content=\"@liguriavacanze\" \/>\n<meta name=\"twitter:label1\" content=\"Scritto da\" \/>\n\t<meta name=\"twitter:data1\" content=\"ResidenceLiguria\" \/>\n\t<meta name=\"twitter:label2\" content=\"Tempo di lettura stimato\" \/>\n\t<meta name=\"twitter:data2\" content=\"5 minuti\" \/>\n<script type=\"application\/ld+json\" class=\"yoast-schema-graph\">{\"@context\":\"https:\/\/schema.org\",\"@graph\":[{\"@type\":\"Article\",\"@id\":\"https:\/\/blog.residenceliguria.com\/it\/a-spasso-per-i-parchi-della-liguria-blog-rdl\/#article\",\"isPartOf\":{\"@id\":\"https:\/\/blog.residenceliguria.com\/it\/a-spasso-per-i-parchi-della-liguria-blog-rdl\/\"},\"author\":{\"name\":\"ResidenceLiguria\",\"@id\":\"https:\/\/blog.residenceliguria.com\/it\/#\/schema\/person\/56d50e78d9e43765ffcfce591fb5d129\"},\"headline\":\"Mete estive insolite: a spasso per i Parchi della Liguria\",\"datePublished\":\"2022-07-22T13:25:40+00:00\",\"dateModified\":\"2022-07-22T13:26:50+00:00\",\"mainEntityOfPage\":{\"@id\":\"https:\/\/blog.residenceliguria.com\/it\/a-spasso-per-i-parchi-della-liguria-blog-rdl\/\"},\"wordCount\":1067,\"commentCount\":0,\"publisher\":{\"@id\":\"https:\/\/blog.residenceliguria.com\/it\/#organization\"},\"image\":{\"@id\":\"https:\/\/blog.residenceliguria.com\/it\/a-spasso-per-i-parchi-della-liguria-blog-rdl\/#primaryimage\"},\"thumbnailUrl\":\"https:\/\/blog.residenceliguria.com\/wp-content\/uploads\/2022\/07\/beihua-4.jpg\",\"keywords\":[\"escursioni\",\"Liguria\",\"natura\",\"parchi\",\"parchi minori\",\"parchi naturali\",\"relax\"],\"articleSection\":[\"Avventura\",\"Itinerari\",\"Liguria\",\"LiguriaTrekkingeXperience\",\"Natura\"],\"inLanguage\":\"it-IT\",\"potentialAction\":[{\"@type\":\"CommentAction\",\"name\":\"Comment\",\"target\":[\"https:\/\/blog.residenceliguria.com\/it\/a-spasso-per-i-parchi-della-liguria-blog-rdl\/#respond\"]}]},{\"@type\":\"WebPage\",\"@id\":\"https:\/\/blog.residenceliguria.com\/it\/a-spasso-per-i-parchi-della-liguria-blog-rdl\/\",\"url\":\"https:\/\/blog.residenceliguria.com\/it\/a-spasso-per-i-parchi-della-liguria-blog-rdl\/\",\"name\":\"A spasso per i parchi della Liguria- Blog Residence di Liguria\",\"isPartOf\":{\"@id\":\"https:\/\/blog.residenceliguria.com\/it\/#website\"},\"primaryImageOfPage\":{\"@id\":\"https:\/\/blog.residenceliguria.com\/it\/a-spasso-per-i-parchi-della-liguria-blog-rdl\/#primaryimage\"},\"image\":{\"@id\":\"https:\/\/blog.residenceliguria.com\/it\/a-spasso-per-i-parchi-della-liguria-blog-rdl\/#primaryimage\"},\"thumbnailUrl\":\"https:\/\/blog.residenceliguria.com\/wp-content\/uploads\/2022\/07\/beihua-4.jpg\",\"datePublished\":\"2022-07-22T13:25:40+00:00\",\"dateModified\":\"2022-07-22T13:26:50+00:00\",\"description\":\"A spasso per i parchi della Liguria. La nostra regione \u00e8 ricca di sentieri, Parchi Regionali e Naturali permettendo agli escursionisti di godere di viste incantevoli e di scoprire la flora e la fauna che la caratterizzano.\",\"breadcrumb\":{\"@id\":\"https:\/\/blog.residenceliguria.com\/it\/a-spasso-per-i-parchi-della-liguria-blog-rdl\/#breadcrumb\"},\"inLanguage\":\"it-IT\",\"potentialAction\":[{\"@type\":\"ReadAction\",\"target\":[\"https:\/\/blog.residenceliguria.com\/it\/a-spasso-per-i-parchi-della-liguria-blog-rdl\/\"]}]},{\"@type\":\"ImageObject\",\"inLanguage\":\"it-IT\",\"@id\":\"https:\/\/blog.residenceliguria.com\/it\/a-spasso-per-i-parchi-della-liguria-blog-rdl\/#primaryimage\",\"url\":\"https:\/\/blog.residenceliguria.com\/wp-content\/uploads\/2022\/07\/beihua-4.jpg\",\"contentUrl\":\"https:\/\/blog.residenceliguria.com\/wp-content\/uploads\/2022\/07\/beihua-4.jpg\",\"width\":1024,\"height\":768,\"caption\":\"Parco del beigua\"},{\"@type\":\"BreadcrumbList\",\"@id\":\"https:\/\/blog.residenceliguria.com\/it\/a-spasso-per-i-parchi-della-liguria-blog-rdl\/#breadcrumb\",\"itemListElement\":[{\"@type\":\"ListItem\",\"position\":1,\"name\":\"Home\",\"item\":\"https:\/\/blog.residenceliguria.com\/it\/\"},{\"@type\":\"ListItem\",\"position\":2,\"name\":\"Mete estive insolite: a spasso per i Parchi della Liguria\"}]},{\"@type\":\"WebSite\",\"@id\":\"https:\/\/blog.residenceliguria.com\/it\/#website\",\"url\":\"https:\/\/blog.residenceliguria.com\/it\/\",\"name\":\"Il Blog di Residence di Liguria\",\"description\":\"Idee, suggerimenti, ispirazioni per visitare la Liguria\",\"publisher\":{\"@id\":\"https:\/\/blog.residenceliguria.com\/it\/#organization\"},\"potentialAction\":[{\"@type\":\"SearchAction\",\"target\":{\"@type\":\"EntryPoint\",\"urlTemplate\":\"https:\/\/blog.residenceliguria.com\/it\/?s={search_term_string}\"},\"query-input\":{\"@type\":\"PropertyValueSpecification\",\"valueRequired\":true,\"valueName\":\"search_term_string\"}}],\"inLanguage\":\"it-IT\"},{\"@type\":\"Organization\",\"@id\":\"https:\/\/blog.residenceliguria.com\/it\/#organization\",\"name\":\"Il Blog di Residence di Liguria\",\"url\":\"https:\/\/blog.residenceliguria.com\/it\/\",\"logo\":{\"@type\":\"ImageObject\",\"inLanguage\":\"it-IT\",\"@id\":\"https:\/\/blog.residenceliguria.com\/it\/#\/schema\/logo\/image\/\",\"url\":\"https:\/\/blog.residenceliguria.com\/wp-content\/uploads\/2017\/01\/logo.jpg\",\"contentUrl\":\"https:\/\/blog.residenceliguria.com\/wp-content\/uploads\/2017\/01\/logo.jpg\",\"width\":149,\"height\":220,\"caption\":\"Il Blog di Residence di Liguria\"},\"image\":{\"@id\":\"https:\/\/blog.residenceliguria.com\/it\/#\/schema\/logo\/image\/\"},\"sameAs\":[\"https:\/\/www.facebook.com\/ResidenceDiLiguria\",\"https:\/\/x.com\/liguriavacanze\",\"https:\/\/www.instagram.com\/residencediliguria\/\",\"https:\/\/it.pinterest.com\/liguriavacanze\/\"]},{\"@type\":\"Person\",\"@id\":\"https:\/\/blog.residenceliguria.com\/it\/#\/schema\/person\/56d50e78d9e43765ffcfce591fb5d129\",\"name\":\"ResidenceLiguria\",\"url\":\"https:\/\/blog.residenceliguria.com\/it\/author\/residenceliguria\/\"}]}<\/script>\n<!-- \/ Yoast SEO plugin. -->","yoast_head_json":{"title":"A spasso per i parchi della Liguria- Blog Residence di Liguria","description":"A spasso per i parchi della Liguria. La nostra regione \u00e8 ricca di sentieri, Parchi Regionali e Naturali permettendo agli escursionisti di godere di viste incantevoli e di scoprire la flora e la fauna che la caratterizzano.","robots":{"index":"index","follow":"follow","max-snippet":"max-snippet:-1","max-image-preview":"max-image-preview:large","max-video-preview":"max-video-preview:-1"},"canonical":"https:\/\/blog.residenceliguria.com\/it\/a-spasso-per-i-parchi-della-liguria-blog-rdl\/","og_locale":"it_IT","og_type":"article","og_title":"A spasso per i parchi della Liguria- Blog Residence di Liguria","og_description":"A spasso per i parchi della Liguria. La nostra regione \u00e8 ricca di sentieri, Parchi Regionali e Naturali permettendo agli escursionisti di godere di viste incantevoli e di scoprire la flora e la fauna che la caratterizzano.","og_url":"https:\/\/blog.residenceliguria.com\/it\/a-spasso-per-i-parchi-della-liguria-blog-rdl\/","og_site_name":"Il Blog di Residence di Liguria","article_publisher":"https:\/\/www.facebook.com\/ResidenceDiLiguria","article_published_time":"2022-07-22T13:25:40+00:00","article_modified_time":"2022-07-22T13:26:50+00:00","og_image":[{"width":1024,"height":768,"url":"https:\/\/blog.residenceliguria.com\/wp-content\/uploads\/2022\/07\/beihua-4.jpg","type":"image\/jpeg"}],"author":"ResidenceLiguria","twitter_card":"summary_large_image","twitter_creator":"@liguriavacanze","twitter_site":"@liguriavacanze","twitter_misc":{"Scritto da":"ResidenceLiguria","Tempo di lettura stimato":"5 minuti"},"schema":{"@context":"https:\/\/schema.org","@graph":[{"@type":"Article","@id":"https:\/\/blog.residenceliguria.com\/it\/a-spasso-per-i-parchi-della-liguria-blog-rdl\/#article","isPartOf":{"@id":"https:\/\/blog.residenceliguria.com\/it\/a-spasso-per-i-parchi-della-liguria-blog-rdl\/"},"author":{"name":"ResidenceLiguria","@id":"https:\/\/blog.residenceliguria.com\/it\/#\/schema\/person\/56d50e78d9e43765ffcfce591fb5d129"},"headline":"Mete estive insolite: a spasso per i Parchi della Liguria","datePublished":"2022-07-22T13:25:40+00:00","dateModified":"2022-07-22T13:26:50+00:00","mainEntityOfPage":{"@id":"https:\/\/blog.residenceliguria.com\/it\/a-spasso-per-i-parchi-della-liguria-blog-rdl\/"},"wordCount":1067,"commentCount":0,"publisher":{"@id":"https:\/\/blog.residenceliguria.com\/it\/#organization"},"image":{"@id":"https:\/\/blog.residenceliguria.com\/it\/a-spasso-per-i-parchi-della-liguria-blog-rdl\/#primaryimage"},"thumbnailUrl":"https:\/\/blog.residenceliguria.com\/wp-content\/uploads\/2022\/07\/beihua-4.jpg","keywords":["escursioni","Liguria","natura","parchi","parchi minori","parchi naturali","relax"],"articleSection":["Avventura","Itinerari","Liguria","LiguriaTrekkingeXperience","Natura"],"inLanguage":"it-IT","potentialAction":[{"@type":"CommentAction","name":"Comment","target":["https:\/\/blog.residenceliguria.com\/it\/a-spasso-per-i-parchi-della-liguria-blog-rdl\/#respond"]}]},{"@type":"WebPage","@id":"https:\/\/blog.residenceliguria.com\/it\/a-spasso-per-i-parchi-della-liguria-blog-rdl\/","url":"https:\/\/blog.residenceliguria.com\/it\/a-spasso-per-i-parchi-della-liguria-blog-rdl\/","name":"A spasso per i parchi della Liguria- Blog Residence di Liguria","isPartOf":{"@id":"https:\/\/blog.residenceliguria.com\/it\/#website"},"primaryImageOfPage":{"@id":"https:\/\/blog.residenceliguria.com\/it\/a-spasso-per-i-parchi-della-liguria-blog-rdl\/#primaryimage"},"image":{"@id":"https:\/\/blog.residenceliguria.com\/it\/a-spasso-per-i-parchi-della-liguria-blog-rdl\/#primaryimage"},"thumbnailUrl":"https:\/\/blog.residenceliguria.com\/wp-content\/uploads\/2022\/07\/beihua-4.jpg","datePublished":"2022-07-22T13:25:40+00:00","dateModified":"2022-07-22T13:26:50+00:00","description":"A spasso per i parchi della Liguria. La nostra regione \u00e8 ricca di sentieri, Parchi Regionali e Naturali permettendo agli escursionisti di godere di viste incantevoli e di scoprire la flora e la fauna che la caratterizzano.","breadcrumb":{"@id":"https:\/\/blog.residenceliguria.com\/it\/a-spasso-per-i-parchi-della-liguria-blog-rdl\/#breadcrumb"},"inLanguage":"it-IT","potentialAction":[{"@type":"ReadAction","target":["https:\/\/blog.residenceliguria.com\/it\/a-spasso-per-i-parchi-della-liguria-blog-rdl\/"]}]},{"@type":"ImageObject","inLanguage":"it-IT","@id":"https:\/\/blog.residenceliguria.com\/it\/a-spasso-per-i-parchi-della-liguria-blog-rdl\/#primaryimage","url":"https:\/\/blog.residenceliguria.com\/wp-content\/uploads\/2022\/07\/beihua-4.jpg","contentUrl":"https:\/\/blog.residenceliguria.com\/wp-content\/uploads\/2022\/07\/beihua-4.jpg","width":1024,"height":768,"caption":"Parco del beigua"},{"@type":"BreadcrumbList","@id":"https:\/\/blog.residenceliguria.com\/it\/a-spasso-per-i-parchi-della-liguria-blog-rdl\/#breadcrumb","itemListElement":[{"@type":"ListItem","position":1,"name":"Home","item":"https:\/\/blog.residenceliguria.com\/it\/"},{"@type":"ListItem","position":2,"name":"Mete estive insolite: a spasso per i Parchi della Liguria"}]},{"@type":"WebSite","@id":"https:\/\/blog.residenceliguria.com\/it\/#website","url":"https:\/\/blog.residenceliguria.com\/it\/","name":"Il Blog di Residence di Liguria","description":"Idee, suggerimenti, ispirazioni per visitare la Liguria","publisher":{"@id":"https:\/\/blog.residenceliguria.com\/it\/#organization"},"potentialAction":[{"@type":"SearchAction","target":{"@type":"EntryPoint","urlTemplate":"https:\/\/blog.residenceliguria.com\/it\/?s={search_term_string}"},"query-input":{"@type":"PropertyValueSpecification","valueRequired":true,"valueName":"search_term_string"}}],"inLanguage":"it-IT"},{"@type":"Organization","@id":"https:\/\/blog.residenceliguria.com\/it\/#organization","name":"Il Blog di Residence di Liguria","url":"https:\/\/blog.residenceliguria.com\/it\/","logo":{"@type":"ImageObject","inLanguage":"it-IT","@id":"https:\/\/blog.residenceliguria.com\/it\/#\/schema\/logo\/image\/","url":"https:\/\/blog.residenceliguria.com\/wp-content\/uploads\/2017\/01\/logo.jpg","contentUrl":"https:\/\/blog.residenceliguria.com\/wp-content\/uploads\/2017\/01\/logo.jpg","width":149,"height":220,"caption":"Il Blog di Residence di Liguria"},"image":{"@id":"https:\/\/blog.residenceliguria.com\/it\/#\/schema\/logo\/image\/"},"sameAs":["https:\/\/www.facebook.com\/ResidenceDiLiguria","https:\/\/x.com\/liguriavacanze","https:\/\/www.instagram.com\/residencediliguria\/","https:\/\/it.pinterest.com\/liguriavacanze\/"]},{"@type":"Person","@id":"https:\/\/blog.residenceliguria.com\/it\/#\/schema\/person\/56d50e78d9e43765ffcfce591fb5d129","name":"ResidenceLiguria","url":"https:\/\/blog.residenceliguria.com\/it\/author\/residenceliguria\/"}]}},"wps_subtitle":"Scopri i parchi minori liguri!","_links":{"self":[{"href":"https:\/\/blog.residenceliguria.com\/it\/wp-json\/wp\/v2\/posts\/2243","targetHints":{"allow":["GET"]}}],"collection":[{"href":"https:\/\/blog.residenceliguria.com\/it\/wp-json\/wp\/v2\/posts"}],"about":[{"href":"https:\/\/blog.residenceliguria.com\/it\/wp-json\/wp\/v2\/types\/post"}],"author":[{"embeddable":true,"href":"https:\/\/blog.residenceliguria.com\/it\/wp-json\/wp\/v2\/users\/1"}],"replies":[{"embeddable":true,"href":"https:\/\/blog.residenceliguria.com\/it\/wp-json\/wp\/v2\/comments?post=2243"}],"version-history":[{"count":2,"href":"https:\/\/blog.residenceliguria.com\/it\/wp-json\/wp\/v2\/posts\/2243\/revisions"}],"predecessor-version":[{"id":2245,"href":"https:\/\/blog.residenceliguria.com\/it\/wp-json\/wp\/v2\/posts\/2243\/revisions\/2245"}],"wp:featuredmedia":[{"embeddable":true,"href":"https:\/\/blog.residenceliguria.com\/it\/wp-json\/wp\/v2\/media\/2242"}],"wp:attachment":[{"href":"https:\/\/blog.residenceliguria.com\/it\/wp-json\/wp\/v2\/media?parent=2243"}],"wp:term":[{"taxonomy":"category","embeddable":true,"href":"https:\/\/blog.residenceliguria.com\/it\/wp-json\/wp\/v2\/categories?post=2243"},{"taxonomy":"post_tag","embeddable":true,"href":"https:\/\/blog.residenceliguria.com\/it\/wp-json\/wp\/v2\/tags?post=2243"}],"curies":[{"name":"wp","href":"https:\/\/api.w.org\/{rel}","templated":true}]}}