{"id":2169,"date":"2022-03-04T11:11:11","date_gmt":"2022-03-04T10:11:11","guid":{"rendered":"https:\/\/blog.residenceliguria.com\/?p=2169"},"modified":"2022-03-24T10:52:20","modified_gmt":"2022-03-24T09:52:20","slug":"flora-e-fauna-ligure-residence-di-liguria","status":"publish","type":"post","link":"https:\/\/blog.residenceliguria.com\/it\/flora-e-fauna-ligure-residence-di-liguria\/","title":{"rendered":"Flora e fauna ligure in primavera: un tesoro da scoprire"},"content":{"rendered":"<p>Flora e la fauna ligure in primavera: un tesoro da scoprire.<\/p>\n<p>La primavera \u00e8 in arrivo con le sue tinte colorate e i suoi profumi inebrianti. Il paesaggio ligure sta cominciando a scrollarsi di dosso il freddo invernale per lasciare spazio al tepore tipico di questa stagione.<\/p>\n<p>In questo periodo dell\u2019anno \u00e8 stupendo assistere allo spettacolo della natura che si risveglia, soprattutto in un territorio variegato, come quello ligure, dove coesistono parchi naturali, riserve protette e oasi inframezzate da mare, colline e Alpi.<\/p>\n<p>&nbsp;<\/p>\n<figure id=\"attachment_2174\" aria-describedby=\"caption-attachment-2174\" style=\"width: 785px\" class=\"wp-caption aligncenter\"><img loading=\"lazy\" decoding=\"async\" class=\"img-responsive wp-image-2174\" src=\"https:\/\/blog.residenceliguria.com\/wp-content\/uploads\/2022\/03\/via-Celti-Liguri-milano-golfo-tigullio-1024x584.jpg\" alt=\"borgo ligure nella natura\" width=\"785\" height=\"448\" srcset=\"https:\/\/blog.residenceliguria.com\/wp-content\/uploads\/2022\/03\/via-Celti-Liguri-milano-golfo-tigullio-1024x584.jpg 1024w, https:\/\/blog.residenceliguria.com\/wp-content\/uploads\/2022\/03\/via-Celti-Liguri-milano-golfo-tigullio-300x171.jpg 300w, https:\/\/blog.residenceliguria.com\/wp-content\/uploads\/2022\/03\/via-Celti-Liguri-milano-golfo-tigullio-768x438.jpg 768w, https:\/\/blog.residenceliguria.com\/wp-content\/uploads\/2022\/03\/via-Celti-Liguri-milano-golfo-tigullio.jpg 1217w\" sizes=\"auto, (max-width: 785px) 100vw, 785px\" \/><figcaption id=\"caption-attachment-2174\" class=\"wp-caption-text\">via blog siviaggia.it<\/figcaption><\/figure>\n<h3><strong>Quale momento migliore per godere di tutto ci\u00f2?<\/strong><\/h3>\n<p>Se non approfittare delle giornate che si allungano, del tempo soleggiato e delle temperature che si alzano? Per gli amanti della natura la primavera \u00e8 l\u2019occasione giusta per lasciarsi sorprendere dalla Liguria. Ammirando la flora e la fauna tipiche di questa regione, avvistando o ascoltando i richiami dei suoi abitanti pi\u00f9 selvatici e godendo dei colori dei fiori e piante che dipingono il paesaggio.<\/p>\n<p>Lo sapevate che la rete dei parchi regionale conta un Parco Nazionale, nove parchi naturali regionali, quattro riserve naturali regionali, numerose aree protette tra entroterra e mare e l\u2019Alta Via dei Monti Liguri?<\/p>\n<p>Qui la natura \u00e8 riuscita a preservare alcune sue caratteristiche selvagge, particolarit\u00e0 che la rende ancora pi\u00f9 affascinante agli occhi degli esploratori. Camminando lungo i sentieri e i pendii da Ponente\u00a0fino a Levante potrete osservare uno scenario ancora incontaminato che facilita la salvaguardia di specie animali e vegetali protette.<\/p>\n<p>&nbsp;<\/p>\n<h3><strong>La flora\u2026<\/strong><\/h3>\n<p>Grazie al clima mite e all\u2019intreccio particolare tra mare, montagne e colline la flora si presenta agli occhi del visitatore come uno splendido un mosaico. Giunti in Liguria nel periodo primaverile ci si imbatte nella rigogliosa vegetazione tipica della macchia mediterranea: il verde degli arbusti tra frassini, lecci, querce si intervalla a viole, margherite, campanule, ginestre e tappeti di orchidee in fiore; in quest\u2019atmosfera germogliante \u00e8 facile essere catturati dagli aromi pungenti delle piante di timo, origano, finocchio selvatico e rosmarino che si mischiano al profumo dolce delle conifere. Un vero e proprio paradiso per gli appassionati del trekking e del verde.<\/p>\n<p>Questa mescolanza paesaggistica fa s\u00ec che questa stagione costituisca il periodo migliore per vivere a pieno il territorio, soprattutto per chi ama la biodiversit\u00e0.<\/p>\n<p>&nbsp;<\/p>\n<figure id=\"attachment_2171\" aria-describedby=\"caption-attachment-2171\" style=\"width: 785px\" class=\"wp-caption aligncenter\"><img loading=\"lazy\" decoding=\"async\" class=\"img-responsive wp-image-2171\" src=\"https:\/\/blog.residenceliguria.com\/wp-content\/uploads\/2022\/03\/finale-ligure-natura-scheda-1-lucertola-occellata-mudif-1024x649-1.jpg\" alt=\"lucertola sui sentieri\" width=\"785\" height=\"498\" srcset=\"https:\/\/blog.residenceliguria.com\/wp-content\/uploads\/2022\/03\/finale-ligure-natura-scheda-1-lucertola-occellata-mudif-1024x649-1.jpg 1024w, https:\/\/blog.residenceliguria.com\/wp-content\/uploads\/2022\/03\/finale-ligure-natura-scheda-1-lucertola-occellata-mudif-1024x649-1-300x190.jpg 300w, https:\/\/blog.residenceliguria.com\/wp-content\/uploads\/2022\/03\/finale-ligure-natura-scheda-1-lucertola-occellata-mudif-1024x649-1-768x487.jpg 768w\" sizes=\"auto, (max-width: 785px) 100vw, 785px\" \/><figcaption id=\"caption-attachment-2171\" class=\"wp-caption-text\">via mudifinale.com<\/figcaption><\/figure>\n<h3><\/h3>\n<h3><strong>\u2026e la fauna<\/strong><\/h3>\n<p>Se la flora ligure presenta caratteristiche molto interessanti si pu\u00f2 dire che ancora pi\u00f9 attenzione la merita la fauna. Per chi preferisce immergersi nella natura c\u2019\u00e8 un mondo sconfinato che aspetta solo di essere scoperto. Esplorando le zone collinari e boscose \u00e8 possibile avvistare specie di animali molto diverse fra loro: mammiferi come volpi, cinghiali, lupi e lepri, rapaci come civette, aquile e falchi, uccelli di vario tipo ma anche serpenti e vipere solo per citarne alcuni.<\/p>\n<p>&nbsp;<\/p>\n<h3 style=\"text-align: left;\"><strong><img loading=\"lazy\" decoding=\"async\" class=\"img-responsive aligncenter wp-image-2180 size-full\" src=\"https:\/\/blog.residenceliguria.com\/wp-content\/uploads\/2022\/03\/natura-marta-ridimensionata.jpg\" alt=\"liguria e natura\" width=\"785\" height=\"589\" srcset=\"https:\/\/blog.residenceliguria.com\/wp-content\/uploads\/2022\/03\/natura-marta-ridimensionata.jpg 785w, https:\/\/blog.residenceliguria.com\/wp-content\/uploads\/2022\/03\/natura-marta-ridimensionata-300x225.jpg 300w, https:\/\/blog.residenceliguria.com\/wp-content\/uploads\/2022\/03\/natura-marta-ridimensionata-768x576.jpg 768w\" sizes=\"auto, (max-width: 785px) 100vw, 785px\" \/><\/strong><\/h3>\n<h3><\/h3>\n<h3><strong>Scoprire la Liguria autentica: in primavera si pu\u00f2!<\/strong><\/h3>\n<p>Se state pensando di prenotare un <a href=\"https:\/\/www.residenceliguria.com\/\">soggiorno in Liguria<\/a> e siete viaggiatori curiosi, amanti della tranquillit\u00e0 e dell\u2019autenticit\u00e0 dovete tenere conto che nel periodo primaverile la Liguria \u00e8 meno affollata: questo permette di andare a caccia dei tesori che nasconde il territorio, in piena libert\u00e0 e autonomia, seguendo i propri ritmi.<\/p>\n<p>&nbsp;<\/p>\n<p>Cogliere l\u2019occasione di vivere la Liguria osservando la primavera in arrivo \u00e8 un\u2019esperienza che vale la pena vivere!<\/p>","protected":false},"excerpt":{"rendered":"<p>Flora e la fauna ligure in primavera: un tesoro da scoprire. La primavera \u00e8 in arrivo con le sue tinte colorate e i suoi profumi inebrianti. Il paesaggio ligure sta cominciando a scrollarsi di dosso il freddo invernale per lasciare spazio al tepore tipico di questa stagione. In questo periodo dell\u2019anno \u00e8 stupendo assistere allo &hellip;<\/p>\n","protected":false},"author":1,"featured_media":2168,"comment_status":"open","ping_status":"open","sticky":false,"template":"","format":"standard","meta":{"footnotes":""},"categories":[4,27,26,5,3,1],"tags":[85,222,468,467,464,466,6,28,20,465,463,74],"class_list":["post-2169","post","type-post","status-publish","format-standard","has-post-thumbnail","hentry","category-avventura","category-destinazioni","category-itinerari","category-liguria","category-natura","category-tutti","tag-cinque-terre","tag-diano-marina","tag-fauna","tag-flora","tag-levante","tag-ligure","tag-liguria","tag-mare","tag-natura","tag-ponenete","tag-primavera","tag-trekking"],"yoast_head":"<!-- This site is optimized with the Yoast SEO plugin v23.6 - https:\/\/yoast.com\/wordpress\/plugins\/seo\/ -->\n<title>Flora e fauna ligure in primavera: un tesoro da scoprire - Il Blog di Residence di Liguria<\/title>\n<meta name=\"description\" content=\"Flora e fauna ligure in primavera. Per gli amanti della natura la primavera \u00e8 l\u2019occasione giusta per lasciarsi sorprendere dalla Liguria ammirando la flora e la fauna tipiche di questa regione.\" \/>\n<meta name=\"robots\" content=\"index, follow, max-snippet:-1, max-image-preview:large, max-video-preview:-1\" \/>\n<link rel=\"canonical\" href=\"https:\/\/blog.residenceliguria.com\/it\/flora-e-fauna-ligure-residence-di-liguria\/\" \/>\n<meta property=\"og:locale\" content=\"it_IT\" \/>\n<meta property=\"og:type\" content=\"article\" \/>\n<meta property=\"og:title\" content=\"Flora e fauna ligure in primavera: un tesoro da scoprire - Il Blog di Residence di Liguria\" \/>\n<meta property=\"og:description\" content=\"Flora e fauna ligure in primavera. Per gli amanti della natura la primavera \u00e8 l\u2019occasione giusta per lasciarsi sorprendere dalla Liguria ammirando la flora e la fauna tipiche di questa regione.\" \/>\n<meta property=\"og:url\" content=\"https:\/\/blog.residenceliguria.com\/it\/flora-e-fauna-ligure-residence-di-liguria\/\" \/>\n<meta property=\"og:site_name\" content=\"Il Blog di Residence di Liguria\" \/>\n<meta property=\"article:publisher\" content=\"https:\/\/www.facebook.com\/ResidenceDiLiguria\" \/>\n<meta property=\"article:published_time\" content=\"2022-03-04T10:11:11+00:00\" \/>\n<meta property=\"article:modified_time\" content=\"2022-03-24T09:52:20+00:00\" \/>\n<meta property=\"og:image\" content=\"https:\/\/blog.residenceliguria.com\/wp-content\/uploads\/2022\/03\/corniglia-primavera-scaled-e1646381512236.jpg\" \/>\n\t<meta property=\"og:image:width\" content=\"690\" \/>\n\t<meta property=\"og:image:height\" content=\"460\" \/>\n\t<meta property=\"og:image:type\" content=\"image\/jpeg\" \/>\n<meta name=\"author\" content=\"ResidenceLiguria\" \/>\n<meta name=\"twitter:card\" content=\"summary_large_image\" \/>\n<meta name=\"twitter:creator\" content=\"@liguriavacanze\" \/>\n<meta name=\"twitter:site\" content=\"@liguriavacanze\" \/>\n<meta name=\"twitter:label1\" content=\"Scritto da\" \/>\n\t<meta name=\"twitter:data1\" content=\"ResidenceLiguria\" \/>\n\t<meta name=\"twitter:label2\" content=\"Tempo di lettura stimato\" \/>\n\t<meta name=\"twitter:data2\" content=\"3 minuti\" \/>\n<script type=\"application\/ld+json\" class=\"yoast-schema-graph\">{\"@context\":\"https:\/\/schema.org\",\"@graph\":[{\"@type\":\"Article\",\"@id\":\"https:\/\/blog.residenceliguria.com\/it\/flora-e-fauna-ligure-residence-di-liguria\/#article\",\"isPartOf\":{\"@id\":\"https:\/\/blog.residenceliguria.com\/it\/flora-e-fauna-ligure-residence-di-liguria\/\"},\"author\":{\"name\":\"ResidenceLiguria\",\"@id\":\"https:\/\/blog.residenceliguria.com\/it\/#\/schema\/person\/56d50e78d9e43765ffcfce591fb5d129\"},\"headline\":\"Flora e fauna ligure in primavera: un tesoro da scoprire\",\"datePublished\":\"2022-03-04T10:11:11+00:00\",\"dateModified\":\"2022-03-24T09:52:20+00:00\",\"mainEntityOfPage\":{\"@id\":\"https:\/\/blog.residenceliguria.com\/it\/flora-e-fauna-ligure-residence-di-liguria\/\"},\"wordCount\":561,\"commentCount\":0,\"publisher\":{\"@id\":\"https:\/\/blog.residenceliguria.com\/it\/#organization\"},\"image\":{\"@id\":\"https:\/\/blog.residenceliguria.com\/it\/flora-e-fauna-ligure-residence-di-liguria\/#primaryimage\"},\"thumbnailUrl\":\"https:\/\/blog.residenceliguria.com\/wp-content\/uploads\/2022\/03\/corniglia-primavera-scaled-e1646381512236.jpg\",\"keywords\":[\"Cinque Terre\",\"Diano Marina\",\"fauna\",\"flora\",\"levante\",\"ligure\",\"Liguria\",\"mare\",\"natura\",\"ponenete\",\"primavera\",\"trekking\"],\"articleSection\":[\"Avventura\",\"Destinazioni\",\"Itinerari\",\"Liguria\",\"Natura\",\"Tutti\"],\"inLanguage\":\"it-IT\",\"potentialAction\":[{\"@type\":\"CommentAction\",\"name\":\"Comment\",\"target\":[\"https:\/\/blog.residenceliguria.com\/it\/flora-e-fauna-ligure-residence-di-liguria\/#respond\"]}]},{\"@type\":\"WebPage\",\"@id\":\"https:\/\/blog.residenceliguria.com\/it\/flora-e-fauna-ligure-residence-di-liguria\/\",\"url\":\"https:\/\/blog.residenceliguria.com\/it\/flora-e-fauna-ligure-residence-di-liguria\/\",\"name\":\"Flora e fauna ligure in primavera: un tesoro da scoprire - Il Blog di Residence di Liguria\",\"isPartOf\":{\"@id\":\"https:\/\/blog.residenceliguria.com\/it\/#website\"},\"primaryImageOfPage\":{\"@id\":\"https:\/\/blog.residenceliguria.com\/it\/flora-e-fauna-ligure-residence-di-liguria\/#primaryimage\"},\"image\":{\"@id\":\"https:\/\/blog.residenceliguria.com\/it\/flora-e-fauna-ligure-residence-di-liguria\/#primaryimage\"},\"thumbnailUrl\":\"https:\/\/blog.residenceliguria.com\/wp-content\/uploads\/2022\/03\/corniglia-primavera-scaled-e1646381512236.jpg\",\"datePublished\":\"2022-03-04T10:11:11+00:00\",\"dateModified\":\"2022-03-24T09:52:20+00:00\",\"description\":\"Flora e fauna ligure in primavera. Per gli amanti della natura la primavera \u00e8 l\u2019occasione giusta per lasciarsi sorprendere dalla Liguria ammirando la flora e la fauna tipiche di questa regione.\",\"breadcrumb\":{\"@id\":\"https:\/\/blog.residenceliguria.com\/it\/flora-e-fauna-ligure-residence-di-liguria\/#breadcrumb\"},\"inLanguage\":\"it-IT\",\"potentialAction\":[{\"@type\":\"ReadAction\",\"target\":[\"https:\/\/blog.residenceliguria.com\/it\/flora-e-fauna-ligure-residence-di-liguria\/\"]}]},{\"@type\":\"ImageObject\",\"inLanguage\":\"it-IT\",\"@id\":\"https:\/\/blog.residenceliguria.com\/it\/flora-e-fauna-ligure-residence-di-liguria\/#primaryimage\",\"url\":\"https:\/\/blog.residenceliguria.com\/wp-content\/uploads\/2022\/03\/corniglia-primavera-scaled-e1646381512236.jpg\",\"contentUrl\":\"https:\/\/blog.residenceliguria.com\/wp-content\/uploads\/2022\/03\/corniglia-primavera-scaled-e1646381512236.jpg\",\"width\":690,\"height\":460},{\"@type\":\"BreadcrumbList\",\"@id\":\"https:\/\/blog.residenceliguria.com\/it\/flora-e-fauna-ligure-residence-di-liguria\/#breadcrumb\",\"itemListElement\":[{\"@type\":\"ListItem\",\"position\":1,\"name\":\"Home\",\"item\":\"https:\/\/blog.residenceliguria.com\/it\/\"},{\"@type\":\"ListItem\",\"position\":2,\"name\":\"Flora e fauna ligure in primavera: un tesoro da scoprire\"}]},{\"@type\":\"WebSite\",\"@id\":\"https:\/\/blog.residenceliguria.com\/it\/#website\",\"url\":\"https:\/\/blog.residenceliguria.com\/it\/\",\"name\":\"Il Blog di Residence di Liguria\",\"description\":\"Idee, suggerimenti, ispirazioni per visitare la Liguria\",\"publisher\":{\"@id\":\"https:\/\/blog.residenceliguria.com\/it\/#organization\"},\"potentialAction\":[{\"@type\":\"SearchAction\",\"target\":{\"@type\":\"EntryPoint\",\"urlTemplate\":\"https:\/\/blog.residenceliguria.com\/it\/?s={search_term_string}\"},\"query-input\":{\"@type\":\"PropertyValueSpecification\",\"valueRequired\":true,\"valueName\":\"search_term_string\"}}],\"inLanguage\":\"it-IT\"},{\"@type\":\"Organization\",\"@id\":\"https:\/\/blog.residenceliguria.com\/it\/#organization\",\"name\":\"Il Blog di Residence di Liguria\",\"url\":\"https:\/\/blog.residenceliguria.com\/it\/\",\"logo\":{\"@type\":\"ImageObject\",\"inLanguage\":\"it-IT\",\"@id\":\"https:\/\/blog.residenceliguria.com\/it\/#\/schema\/logo\/image\/\",\"url\":\"https:\/\/blog.residenceliguria.com\/wp-content\/uploads\/2017\/01\/logo.jpg\",\"contentUrl\":\"https:\/\/blog.residenceliguria.com\/wp-content\/uploads\/2017\/01\/logo.jpg\",\"width\":149,\"height\":220,\"caption\":\"Il Blog di Residence di Liguria\"},\"image\":{\"@id\":\"https:\/\/blog.residenceliguria.com\/it\/#\/schema\/logo\/image\/\"},\"sameAs\":[\"https:\/\/www.facebook.com\/ResidenceDiLiguria\",\"https:\/\/x.com\/liguriavacanze\",\"https:\/\/www.instagram.com\/residencediliguria\/\",\"https:\/\/it.pinterest.com\/liguriavacanze\/\"]},{\"@type\":\"Person\",\"@id\":\"https:\/\/blog.residenceliguria.com\/it\/#\/schema\/person\/56d50e78d9e43765ffcfce591fb5d129\",\"name\":\"ResidenceLiguria\",\"url\":\"https:\/\/blog.residenceliguria.com\/it\/author\/residenceliguria\/\"}]}<\/script>\n<!-- \/ Yoast SEO plugin. -->","yoast_head_json":{"title":"Flora e fauna ligure in primavera: un tesoro da scoprire - Il Blog di Residence di Liguria","description":"Flora e fauna ligure in primavera. Per gli amanti della natura la primavera \u00e8 l\u2019occasione giusta per lasciarsi sorprendere dalla Liguria ammirando la flora e la fauna tipiche di questa regione.","robots":{"index":"index","follow":"follow","max-snippet":"max-snippet:-1","max-image-preview":"max-image-preview:large","max-video-preview":"max-video-preview:-1"},"canonical":"https:\/\/blog.residenceliguria.com\/it\/flora-e-fauna-ligure-residence-di-liguria\/","og_locale":"it_IT","og_type":"article","og_title":"Flora e fauna ligure in primavera: un tesoro da scoprire - Il Blog di Residence di Liguria","og_description":"Flora e fauna ligure in primavera. Per gli amanti della natura la primavera \u00e8 l\u2019occasione giusta per lasciarsi sorprendere dalla Liguria ammirando la flora e la fauna tipiche di questa regione.","og_url":"https:\/\/blog.residenceliguria.com\/it\/flora-e-fauna-ligure-residence-di-liguria\/","og_site_name":"Il Blog di Residence di Liguria","article_publisher":"https:\/\/www.facebook.com\/ResidenceDiLiguria","article_published_time":"2022-03-04T10:11:11+00:00","article_modified_time":"2022-03-24T09:52:20+00:00","og_image":[{"width":690,"height":460,"url":"https:\/\/blog.residenceliguria.com\/wp-content\/uploads\/2022\/03\/corniglia-primavera-scaled-e1646381512236.jpg","type":"image\/jpeg"}],"author":"ResidenceLiguria","twitter_card":"summary_large_image","twitter_creator":"@liguriavacanze","twitter_site":"@liguriavacanze","twitter_misc":{"Scritto da":"ResidenceLiguria","Tempo di lettura stimato":"3 minuti"},"schema":{"@context":"https:\/\/schema.org","@graph":[{"@type":"Article","@id":"https:\/\/blog.residenceliguria.com\/it\/flora-e-fauna-ligure-residence-di-liguria\/#article","isPartOf":{"@id":"https:\/\/blog.residenceliguria.com\/it\/flora-e-fauna-ligure-residence-di-liguria\/"},"author":{"name":"ResidenceLiguria","@id":"https:\/\/blog.residenceliguria.com\/it\/#\/schema\/person\/56d50e78d9e43765ffcfce591fb5d129"},"headline":"Flora e fauna ligure in primavera: un tesoro da scoprire","datePublished":"2022-03-04T10:11:11+00:00","dateModified":"2022-03-24T09:52:20+00:00","mainEntityOfPage":{"@id":"https:\/\/blog.residenceliguria.com\/it\/flora-e-fauna-ligure-residence-di-liguria\/"},"wordCount":561,"commentCount":0,"publisher":{"@id":"https:\/\/blog.residenceliguria.com\/it\/#organization"},"image":{"@id":"https:\/\/blog.residenceliguria.com\/it\/flora-e-fauna-ligure-residence-di-liguria\/#primaryimage"},"thumbnailUrl":"https:\/\/blog.residenceliguria.com\/wp-content\/uploads\/2022\/03\/corniglia-primavera-scaled-e1646381512236.jpg","keywords":["Cinque Terre","Diano Marina","fauna","flora","levante","ligure","Liguria","mare","natura","ponenete","primavera","trekking"],"articleSection":["Avventura","Destinazioni","Itinerari","Liguria","Natura","Tutti"],"inLanguage":"it-IT","potentialAction":[{"@type":"CommentAction","name":"Comment","target":["https:\/\/blog.residenceliguria.com\/it\/flora-e-fauna-ligure-residence-di-liguria\/#respond"]}]},{"@type":"WebPage","@id":"https:\/\/blog.residenceliguria.com\/it\/flora-e-fauna-ligure-residence-di-liguria\/","url":"https:\/\/blog.residenceliguria.com\/it\/flora-e-fauna-ligure-residence-di-liguria\/","name":"Flora e fauna ligure in primavera: un tesoro da scoprire - Il Blog di Residence di Liguria","isPartOf":{"@id":"https:\/\/blog.residenceliguria.com\/it\/#website"},"primaryImageOfPage":{"@id":"https:\/\/blog.residenceliguria.com\/it\/flora-e-fauna-ligure-residence-di-liguria\/#primaryimage"},"image":{"@id":"https:\/\/blog.residenceliguria.com\/it\/flora-e-fauna-ligure-residence-di-liguria\/#primaryimage"},"thumbnailUrl":"https:\/\/blog.residenceliguria.com\/wp-content\/uploads\/2022\/03\/corniglia-primavera-scaled-e1646381512236.jpg","datePublished":"2022-03-04T10:11:11+00:00","dateModified":"2022-03-24T09:52:20+00:00","description":"Flora e fauna ligure in primavera. Per gli amanti della natura la primavera \u00e8 l\u2019occasione giusta per lasciarsi sorprendere dalla Liguria ammirando la flora e la fauna tipiche di questa regione.","breadcrumb":{"@id":"https:\/\/blog.residenceliguria.com\/it\/flora-e-fauna-ligure-residence-di-liguria\/#breadcrumb"},"inLanguage":"it-IT","potentialAction":[{"@type":"ReadAction","target":["https:\/\/blog.residenceliguria.com\/it\/flora-e-fauna-ligure-residence-di-liguria\/"]}]},{"@type":"ImageObject","inLanguage":"it-IT","@id":"https:\/\/blog.residenceliguria.com\/it\/flora-e-fauna-ligure-residence-di-liguria\/#primaryimage","url":"https:\/\/blog.residenceliguria.com\/wp-content\/uploads\/2022\/03\/corniglia-primavera-scaled-e1646381512236.jpg","contentUrl":"https:\/\/blog.residenceliguria.com\/wp-content\/uploads\/2022\/03\/corniglia-primavera-scaled-e1646381512236.jpg","width":690,"height":460},{"@type":"BreadcrumbList","@id":"https:\/\/blog.residenceliguria.com\/it\/flora-e-fauna-ligure-residence-di-liguria\/#breadcrumb","itemListElement":[{"@type":"ListItem","position":1,"name":"Home","item":"https:\/\/blog.residenceliguria.com\/it\/"},{"@type":"ListItem","position":2,"name":"Flora e fauna ligure in primavera: un tesoro da scoprire"}]},{"@type":"WebSite","@id":"https:\/\/blog.residenceliguria.com\/it\/#website","url":"https:\/\/blog.residenceliguria.com\/it\/","name":"Il Blog di Residence di Liguria","description":"Idee, suggerimenti, ispirazioni per visitare la Liguria","publisher":{"@id":"https:\/\/blog.residenceliguria.com\/it\/#organization"},"potentialAction":[{"@type":"SearchAction","target":{"@type":"EntryPoint","urlTemplate":"https:\/\/blog.residenceliguria.com\/it\/?s={search_term_string}"},"query-input":{"@type":"PropertyValueSpecification","valueRequired":true,"valueName":"search_term_string"}}],"inLanguage":"it-IT"},{"@type":"Organization","@id":"https:\/\/blog.residenceliguria.com\/it\/#organization","name":"Il Blog di Residence di Liguria","url":"https:\/\/blog.residenceliguria.com\/it\/","logo":{"@type":"ImageObject","inLanguage":"it-IT","@id":"https:\/\/blog.residenceliguria.com\/it\/#\/schema\/logo\/image\/","url":"https:\/\/blog.residenceliguria.com\/wp-content\/uploads\/2017\/01\/logo.jpg","contentUrl":"https:\/\/blog.residenceliguria.com\/wp-content\/uploads\/2017\/01\/logo.jpg","width":149,"height":220,"caption":"Il Blog di Residence di Liguria"},"image":{"@id":"https:\/\/blog.residenceliguria.com\/it\/#\/schema\/logo\/image\/"},"sameAs":["https:\/\/www.facebook.com\/ResidenceDiLiguria","https:\/\/x.com\/liguriavacanze","https:\/\/www.instagram.com\/residencediliguria\/","https:\/\/it.pinterest.com\/liguriavacanze\/"]},{"@type":"Person","@id":"https:\/\/blog.residenceliguria.com\/it\/#\/schema\/person\/56d50e78d9e43765ffcfce591fb5d129","name":"ResidenceLiguria","url":"https:\/\/blog.residenceliguria.com\/it\/author\/residenceliguria\/"}]}},"wps_subtitle":"Perch\u00e9 la primavera in Liguria \u00e8 pi\u00f9 bella?","_links":{"self":[{"href":"https:\/\/blog.residenceliguria.com\/it\/wp-json\/wp\/v2\/posts\/2169","targetHints":{"allow":["GET"]}}],"collection":[{"href":"https:\/\/blog.residenceliguria.com\/it\/wp-json\/wp\/v2\/posts"}],"about":[{"href":"https:\/\/blog.residenceliguria.com\/it\/wp-json\/wp\/v2\/types\/post"}],"author":[{"embeddable":true,"href":"https:\/\/blog.residenceliguria.com\/it\/wp-json\/wp\/v2\/users\/1"}],"replies":[{"embeddable":true,"href":"https:\/\/blog.residenceliguria.com\/it\/wp-json\/wp\/v2\/comments?post=2169"}],"version-history":[{"count":12,"href":"https:\/\/blog.residenceliguria.com\/it\/wp-json\/wp\/v2\/posts\/2169\/revisions"}],"predecessor-version":[{"id":2188,"href":"https:\/\/blog.residenceliguria.com\/it\/wp-json\/wp\/v2\/posts\/2169\/revisions\/2188"}],"wp:featuredmedia":[{"embeddable":true,"href":"https:\/\/blog.residenceliguria.com\/it\/wp-json\/wp\/v2\/media\/2168"}],"wp:attachment":[{"href":"https:\/\/blog.residenceliguria.com\/it\/wp-json\/wp\/v2\/media?parent=2169"}],"wp:term":[{"taxonomy":"category","embeddable":true,"href":"https:\/\/blog.residenceliguria.com\/it\/wp-json\/wp\/v2\/categories?post=2169"},{"taxonomy":"post_tag","embeddable":true,"href":"https:\/\/blog.residenceliguria.com\/it\/wp-json\/wp\/v2\/tags?post=2169"}],"curies":[{"name":"wp","href":"https:\/\/api.w.org\/{rel}","templated":true}]}}