{"id":1636,"date":"2019-07-15T11:39:03","date_gmt":"2019-07-15T09:39:03","guid":{"rendered":"https:\/\/blog.residenceliguria.com\/?p=1636"},"modified":"2019-07-15T11:39:14","modified_gmt":"2019-07-15T09:39:14","slug":"liguriatrekkingexperience-diano-marina-tappa-7","status":"publish","type":"post","link":"https:\/\/blog.residenceliguria.com\/it\/liguriatrekkingexperience-diano-marina-tappa-7\/","title":{"rendered":"LiguriaTrekkingeXperience &#8211; Diano Marina [tappa 7]"},"content":{"rendered":"<!-- Added by Post\/Page Specific Custom Code plugin, thank you for using! -->\n<style>.contenitorepost {\r\n   height: 460px;\r\n}\r\n@media (max-width: 640px) {\r\n.contenitorepost {\r\n   height: 200px;\r\n}\r\n}<\/style>\n<p>&nbsp;<\/p>\n<p class=\"Standard\"><span style=\"font-size: 12.0pt; line-height: 115%;\">Oggi, per la settima avventura di <strong>LiguriaTrekkingeXperience<\/strong>, siamo a Diano Marina, una splendida citt\u00e0 di mare che si stende lungo la Riviera Ligure di Ponente.<\/span><\/p>\n<p class=\"Standard\"><span style=\"font-size: 12.0pt; line-height: 115%;\">Oltre al mare cristallino e alle spiagge pulitissime, Diano Marina riserva un\u2019altra sorpresa per chi la visita: un entroterra rigoglioso, ricco di sentieri perfetti per gli amanti del trekking.<br \/>\nE proprio alla scoperta del suo entroterra siamo diretti anche noi.<br \/>\nIn lontananza, vediamo gi\u00e0 la nostra meta: la cima del magnifico <strong>Pizzo d&#8217;\u00c9vigno<\/strong>, il monte a forma di piramide che sovrasta la citt\u00e0.<\/span><\/p>\n<p class=\"Standard\"><span style=\"font-size: 12.0pt; line-height: 115%;\">Non resta altro che mettersi in cammino.<\/span><\/p>\n<div class=\"spazio30\"><\/div>\n<div class=\"video-container\">\n<p><iframe loading=\"lazy\" src=\"https:\/\/www.youtube.com\/embed\/eufkIq69ss8\" width=\"100%\" height=\"450\" frameborder=\"0\" allowfullscreen=\"allowfullscreen\"><span data-mce-type=\"bookmark\" style=\"display: inline-block; width: 0px; overflow: hidden; line-height: 0;\" class=\"mce_SELRES_start\">\ufeff<\/span><span data-mce-type=\"bookmark\" style=\"display: inline-block; width: 0px; overflow: hidden; line-height: 0;\" class=\"mce_SELRES_start\">\ufeff<\/span><span data-mce-type=\"bookmark\" style=\"display: inline-block; width: 0px; overflow: hidden; line-height: 0;\" class=\"mce_SELRES_start\">\ufeff<\/span><span data-mce-type=\"bookmark\" style=\"display: inline-block; width: 0px; overflow: hidden; line-height: 0;\" class=\"mce_SELRES_start\">\ufeff<\/span><span data-mce-type=\"bookmark\" style=\"display: inline-block; width: 0px; overflow: hidden; line-height: 0;\" class=\"mce_SELRES_start\">\ufeff<\/span><span data-mce-type=\"bookmark\" style=\"display: inline-block; width: 0px; overflow: hidden; line-height: 0;\" class=\"mce_SELRES_start\">\ufeff<\/span><span data-mce-type=\"bookmark\" style=\"display: inline-block; width: 0px; overflow: hidden; line-height: 0;\" class=\"mce_SELRES_start\">\ufeff<\/span><span data-mce-type=\"bookmark\" style=\"display: inline-block; width: 0px; overflow: hidden; line-height: 0;\" class=\"mce_SELRES_start\">\ufeff<\/span><span data-mce-type=\"bookmark\" style=\"display: inline-block; width: 0px; overflow: hidden; line-height: 0;\" class=\"mce_SELRES_start\">\ufeff<\/span><span data-mce-type=\"bookmark\" style=\"display: inline-block; width: 0px; overflow: hidden; line-height: 0;\" class=\"mce_SELRES_start\">\ufeff<\/span><span data-mce-type=\"bookmark\" style=\"display: inline-block; width: 0px; overflow: hidden; line-height: 0;\" class=\"mce_SELRES_start\">\ufeff<\/span><span data-mce-type=\"bookmark\" style=\"display: inline-block; width: 0px; overflow: hidden; line-height: 0;\" class=\"mce_SELRES_start\">\ufeff<\/span><span data-mce-type=\"bookmark\" style=\"display: inline-block; width: 0px; overflow: hidden; line-height: 0;\" class=\"mce_SELRES_start\">\ufeff<\/span><span data-mce-type=\"bookmark\" style=\"display: inline-block; width: 0px; overflow: hidden; line-height: 0;\" class=\"mce_SELRES_start\">\ufeff<\/span><\/iframe><\/p>\n<\/div>\n<div class=\"spazio30\"><\/div>\n<h3>Trekking sul Pizzo d&#8217;\u00c9vigno<\/h3>\n<p>&nbsp;<\/p>\n<p><strong>Avvicinamento in Auto<\/strong><\/p>\n<p>A differenza delle altre tappe di LiguriaTrekkingeXperience, questa volta, dopo aver ammirato il lungomare di Diano Marina, <strong>saliamo in macchina<\/strong> per raggiungere il punto di partenza del percorso.<\/p>\n<p>&nbsp;<\/p>\n<p><img loading=\"lazy\" decoding=\"async\" class=\"alignnone size-full wp-image-1639\" src=\"https:\/\/blog.residenceliguria.com\/wp-content\/uploads\/2019\/07\/01.jpg\" alt=\"\" width=\"785\" height=\"404\" srcset=\"https:\/\/blog.residenceliguria.com\/wp-content\/uploads\/2019\/07\/01.jpg 785w, https:\/\/blog.residenceliguria.com\/wp-content\/uploads\/2019\/07\/01-300x154.jpg 300w, https:\/\/blog.residenceliguria.com\/wp-content\/uploads\/2019\/07\/01-768x395.jpg 768w\" sizes=\"auto, (max-width: 785px) 100vw, 785px\" \/><\/p>\n<p>&nbsp;<\/p>\n<p>Dal lungomare, giriamo a destra seguendo le indicazioni per <strong>Diano San Pietro<\/strong>, che si trova a circa 3 km dalla costa.<\/p>\n<p>Arrivati, superiamo un ponte e poi giriamo a destra. Proseguiamo verso la frazione <strong>La Colla<\/strong>, fino a superare un altro ponte, praticamente in mezzo alle case.<br \/>\nDa qui, guidiamo lungo l\u2019unica strada presente, che sale per circa 6 km. Gli ultimi 3, anche se asfaltati, sono di solito utilizzati dai pastori come strada di servizio.<br \/>\nUna volta finito l\u2019asfalto, proseguiamo con la macchina per circa 200 metri: qui troviamo uno spiazzo di terra battuta perfetto per lasciare l\u2019auto.<br \/>\nSiamo a <strong>480 metri sul livello del mare<\/strong>&#8230;pronti per iniziare il nostro trekking.<\/p>\n<p>&nbsp;<\/p>\n<p><img loading=\"lazy\" decoding=\"async\" class=\"alignnone size-full wp-image-1641\" src=\"https:\/\/blog.residenceliguria.com\/wp-content\/uploads\/2019\/07\/03.jpg\" alt=\"\" width=\"785\" height=\"404\" srcset=\"https:\/\/blog.residenceliguria.com\/wp-content\/uploads\/2019\/07\/03.jpg 785w, https:\/\/blog.residenceliguria.com\/wp-content\/uploads\/2019\/07\/03-300x154.jpg 300w, https:\/\/blog.residenceliguria.com\/wp-content\/uploads\/2019\/07\/03-768x395.jpg 768w\" sizes=\"auto, (max-width: 785px) 100vw, 785px\" \/><\/p>\n<p>&nbsp;<\/p>\n<h4><strong>In cammino verso la vetta<\/strong><\/h4>\n<p>Dal parcheggio, prendiamo un\u2019<strong>ampia strada sterrata<\/strong>, di solito utilizzata dai pastori per portare gli <strong>animali al pascolo<\/strong>.<br \/>\nIl <strong>Pizzo d\u2019Evigno<\/strong> \u00e8 infatti un promontorio prevalentemente erboso: le sue vaste distese verdi sono il luogo ideale per la pastorizia.<br \/>\nLungo il cammino, infatti, incontriamo tantissimi animali al pascolo: mucche da latte, capre, pecore. In particolare, rimaniamo incantati alla vista dei cavalli, che eleganti e silenziosi si aggirano intorno a noi.<br \/>\nLa loro presenza, insieme a quella degli altri animali, ci accompagna piacevole e silenziosa lungo quasi tutto il cammino.<\/p>\n<p>&nbsp;<\/p>\n<p><img loading=\"lazy\" decoding=\"async\" class=\"alignnone size-full wp-image-1640\" src=\"https:\/\/blog.residenceliguria.com\/wp-content\/uploads\/2019\/07\/02.jpg\" alt=\"\" width=\"785\" height=\"404\" srcset=\"https:\/\/blog.residenceliguria.com\/wp-content\/uploads\/2019\/07\/02.jpg 785w, https:\/\/blog.residenceliguria.com\/wp-content\/uploads\/2019\/07\/02-300x154.jpg 300w, https:\/\/blog.residenceliguria.com\/wp-content\/uploads\/2019\/07\/02-768x395.jpg 768w\" sizes=\"auto, (max-width: 785px) 100vw, 785px\" \/><\/p>\n<p>&nbsp;<\/p>\n<p>La <strong>pendenza<\/strong> del percorso qui \u00e8 <strong>poco impegnativa<\/strong> e il <strong>cammino \u00e8 gradevole<\/strong>. Il paesaggio intorno a noi, un incanto: siamo a un\u2019altezza limitata, eppure la presenza dei pascoli, dei prati e delle rocce, uniti al silenzio e alla pace che ci circondano, ci fanno sentire <strong>come in alta montagna<\/strong>.<br \/>\nCon un\u2019unica differenza: alle nostre spalle rimane sempre presente, come fedele compagno dei nostri trekking in Liguria, <strong>il mare<\/strong>.<\/p>\n<p>&nbsp;<\/p>\n<p><img loading=\"lazy\" decoding=\"async\" class=\"alignnone size-full wp-image-1645\" src=\"https:\/\/blog.residenceliguria.com\/wp-content\/uploads\/2019\/07\/07.jpg\" alt=\"\" width=\"785\" height=\"404\" srcset=\"https:\/\/blog.residenceliguria.com\/wp-content\/uploads\/2019\/07\/07.jpg 785w, https:\/\/blog.residenceliguria.com\/wp-content\/uploads\/2019\/07\/07-300x154.jpg 300w, https:\/\/blog.residenceliguria.com\/wp-content\/uploads\/2019\/07\/07-768x395.jpg 768w\" sizes=\"auto, (max-width: 785px) 100vw, 785px\" \/><\/p>\n<p>&nbsp;<\/p>\n<p>Terminata la strada sterrata, il sentiero continua in mezzo all\u2019erba, fino ad arrivare al <strong>valico La Colla<\/strong>, dove ci attende un\u2019ampia vista sulla Valle M\u00e9rula e la Valle \u00c9vigno.<\/p>\n<p>Da qui inizia la parte di trekking pi\u00f9 impegnativo.<br \/>\nCamminiamo infatti lungo un <strong>sentiero in salita<\/strong>, seguendo dei segnavia rossi ben visibili (quadrato rosso pieno). Attraversiamo dei pascoli piuttosto pendenti, per poi arrivare all\u2019ultimo tratto di sentiero, roccioso e ancora pi\u00f9 ripido.<\/p>\n<p>&nbsp;<\/p>\n<p><img loading=\"lazy\" decoding=\"async\" class=\"alignnone size-full wp-image-1641\" src=\"https:\/\/blog.residenceliguria.com\/wp-content\/uploads\/2019\/07\/03.jpg\" alt=\"\" width=\"785\" height=\"404\" srcset=\"https:\/\/blog.residenceliguria.com\/wp-content\/uploads\/2019\/07\/03.jpg 785w, https:\/\/blog.residenceliguria.com\/wp-content\/uploads\/2019\/07\/03-300x154.jpg 300w, https:\/\/blog.residenceliguria.com\/wp-content\/uploads\/2019\/07\/03-768x395.jpg 768w\" sizes=\"auto, (max-width: 785px) 100vw, 785px\" \/><\/p>\n<p>&nbsp;<\/p>\n<p>Questo ultimo chilometro e mezzo \u00e8 stato veramente faticoso. Ma tutto il sudore versato \u00e8 ampiamente ripagato da ci\u00f2 che ci accoglie sulla <strong>vetta del Pizzo d&#8217;\u00c9vigno<\/strong>, a 988\u00a0 metri d\u2019altezza.<\/p>\n<p>La prima cosa che cattura il nostro sguardo \u00e8 una <strong>gigantesca croce metallica a traliccio<\/strong>. Poco pi\u00f9 avanti, una statua della Madonna guarda verso Diano Marina.<br \/>\n\u00c8 possibile che un tempo qui sorgesse anche una torre d\u2019avvistamento: il promontorio viene infatti chiamato anche <strong>Monte Torre<\/strong>.<br \/>\nSe la presenza della torre \u00e8 incerta, sicura e indimenticabile \u00e8 la vista che si gode da questa vetta a ridosso del mare.<\/p>\n<p>Possiamo vedere Imperia, Diano Marina, S. Bartolomeo e, in lontananza, la Corsica.<br \/>\nSiamo a circa <strong>1000 metri d\u2019altezza<\/strong>, ma ci sembra di essere sulla cima del mondo.<\/p>\n<p>&nbsp;<\/p>\n<p><img loading=\"lazy\" decoding=\"async\" class=\"alignnone size-full wp-image-1644\" src=\"https:\/\/blog.residenceliguria.com\/wp-content\/uploads\/2019\/07\/06.jpg\" alt=\"\" width=\"785\" height=\"404\" srcset=\"https:\/\/blog.residenceliguria.com\/wp-content\/uploads\/2019\/07\/06.jpg 785w, https:\/\/blog.residenceliguria.com\/wp-content\/uploads\/2019\/07\/06-300x154.jpg 300w, https:\/\/blog.residenceliguria.com\/wp-content\/uploads\/2019\/07\/06-768x395.jpg 768w\" sizes=\"auto, (max-width: 785px) 100vw, 785px\" \/><\/p>","protected":false},"excerpt":{"rendered":"<p>&nbsp; Oggi, per la settima avventura di LiguriaTrekkingeXperience, siamo a Diano Marina, una splendida citt\u00e0 di mare che si stende lungo la Riviera Ligure di Ponente. Oltre al mare cristallino e alle spiagge pulitissime, Diano Marina riserva un\u2019altra sorpresa per chi la visita: un entroterra rigoglioso, ricco di sentieri perfetti per gli amanti del trekking. &hellip;<\/p>\n","protected":false},"author":1,"featured_media":1637,"comment_status":"open","ping_status":"open","sticky":false,"template":"","format":"standard","meta":{"footnotes":""},"categories":[384],"tags":[],"class_list":["post-1636","post","type-post","status-publish","format-standard","has-post-thumbnail","hentry","category-liguriatrekkingexperience"],"yoast_head":"<!-- This site is optimized with the Yoast SEO plugin v23.6 - https:\/\/yoast.com\/wordpress\/plugins\/seo\/ -->\n<title>LiguriaTrekkingeXperience - Diano Marina [tappa 7] - Il Blog di Residence di Liguria<\/title>\n<meta name=\"description\" content=\"Siamo a Diano Marina, per la tappa 7 di LiguriaTrekkingeXperience. In questa giornata di trekking in Liguria ci attende il sentiero per arrivare in cima al Pizzo d&#039;\u00c9vigno.\" \/>\n<meta name=\"robots\" content=\"index, follow, max-snippet:-1, max-image-preview:large, max-video-preview:-1\" \/>\n<link rel=\"canonical\" href=\"https:\/\/blog.residenceliguria.com\/it\/liguriatrekkingexperience-diano-marina-tappa-7\/\" \/>\n<meta property=\"og:locale\" content=\"it_IT\" \/>\n<meta property=\"og:type\" content=\"article\" \/>\n<meta property=\"og:title\" content=\"LiguriaTrekkingeXperience - Diano Marina [tappa 7] - Il Blog di Residence di Liguria\" \/>\n<meta property=\"og:description\" content=\"Siamo a Diano Marina, per la tappa 7 di LiguriaTrekkingeXperience. In questa giornata di trekking in Liguria ci attende il sentiero per arrivare in cima al Pizzo d&#039;\u00c9vigno.\" \/>\n<meta property=\"og:url\" content=\"https:\/\/blog.residenceliguria.com\/it\/liguriatrekkingexperience-diano-marina-tappa-7\/\" \/>\n<meta property=\"og:site_name\" content=\"Il Blog di Residence di Liguria\" \/>\n<meta property=\"article:publisher\" content=\"https:\/\/www.facebook.com\/ResidenceDiLiguria\" \/>\n<meta property=\"article:published_time\" content=\"2019-07-15T09:39:03+00:00\" \/>\n<meta property=\"article:modified_time\" content=\"2019-07-15T09:39:14+00:00\" \/>\n<meta property=\"og:image\" content=\"https:\/\/blog.residenceliguria.com\/wp-content\/uploads\/2019\/07\/cover-yt-diano-marina.jpg\" \/>\n\t<meta property=\"og:image:width\" content=\"1280\" \/>\n\t<meta property=\"og:image:height\" content=\"720\" \/>\n\t<meta property=\"og:image:type\" content=\"image\/jpeg\" \/>\n<meta name=\"author\" content=\"ResidenceLiguria\" \/>\n<meta name=\"twitter:card\" content=\"summary_large_image\" \/>\n<meta name=\"twitter:creator\" content=\"@liguriavacanze\" \/>\n<meta name=\"twitter:site\" content=\"@liguriavacanze\" \/>\n<meta name=\"twitter:label1\" content=\"Scritto da\" \/>\n\t<meta name=\"twitter:data1\" content=\"ResidenceLiguria\" \/>\n\t<meta name=\"twitter:label2\" content=\"Tempo di lettura stimato\" \/>\n\t<meta name=\"twitter:data2\" content=\"10 minuti\" \/>\n<script type=\"application\/ld+json\" class=\"yoast-schema-graph\">{\"@context\":\"https:\/\/schema.org\",\"@graph\":[{\"@type\":\"Article\",\"@id\":\"https:\/\/blog.residenceliguria.com\/it\/liguriatrekkingexperience-diano-marina-tappa-7\/#article\",\"isPartOf\":{\"@id\":\"https:\/\/blog.residenceliguria.com\/it\/liguriatrekkingexperience-diano-marina-tappa-7\/\"},\"author\":{\"name\":\"ResidenceLiguria\",\"@id\":\"https:\/\/blog.residenceliguria.com\/it\/#\/schema\/person\/56d50e78d9e43765ffcfce591fb5d129\"},\"headline\":\"LiguriaTrekkingeXperience &#8211; Diano Marina [tappa 7]\",\"datePublished\":\"2019-07-15T09:39:03+00:00\",\"dateModified\":\"2019-07-15T09:39:14+00:00\",\"mainEntityOfPage\":{\"@id\":\"https:\/\/blog.residenceliguria.com\/it\/liguriatrekkingexperience-diano-marina-tappa-7\/\"},\"wordCount\":1963,\"commentCount\":0,\"publisher\":{\"@id\":\"https:\/\/blog.residenceliguria.com\/it\/#organization\"},\"image\":{\"@id\":\"https:\/\/blog.residenceliguria.com\/it\/liguriatrekkingexperience-diano-marina-tappa-7\/#primaryimage\"},\"thumbnailUrl\":\"https:\/\/blog.residenceliguria.com\/wp-content\/uploads\/2019\/07\/cover-yt-diano-marina.jpg\",\"articleSection\":[\"LiguriaTrekkingeXperience\"],\"inLanguage\":\"it-IT\",\"potentialAction\":[{\"@type\":\"CommentAction\",\"name\":\"Comment\",\"target\":[\"https:\/\/blog.residenceliguria.com\/it\/liguriatrekkingexperience-diano-marina-tappa-7\/#respond\"]}]},{\"@type\":\"WebPage\",\"@id\":\"https:\/\/blog.residenceliguria.com\/it\/liguriatrekkingexperience-diano-marina-tappa-7\/\",\"url\":\"https:\/\/blog.residenceliguria.com\/it\/liguriatrekkingexperience-diano-marina-tappa-7\/\",\"name\":\"LiguriaTrekkingeXperience - Diano Marina [tappa 7] - Il Blog di Residence di Liguria\",\"isPartOf\":{\"@id\":\"https:\/\/blog.residenceliguria.com\/it\/#website\"},\"primaryImageOfPage\":{\"@id\":\"https:\/\/blog.residenceliguria.com\/it\/liguriatrekkingexperience-diano-marina-tappa-7\/#primaryimage\"},\"image\":{\"@id\":\"https:\/\/blog.residenceliguria.com\/it\/liguriatrekkingexperience-diano-marina-tappa-7\/#primaryimage\"},\"thumbnailUrl\":\"https:\/\/blog.residenceliguria.com\/wp-content\/uploads\/2019\/07\/cover-yt-diano-marina.jpg\",\"datePublished\":\"2019-07-15T09:39:03+00:00\",\"dateModified\":\"2019-07-15T09:39:14+00:00\",\"description\":\"Siamo a Diano Marina, per la tappa 7 di LiguriaTrekkingeXperience. In questa giornata di trekking in Liguria ci attende il sentiero per arrivare in cima al Pizzo d'\u00c9vigno.\",\"breadcrumb\":{\"@id\":\"https:\/\/blog.residenceliguria.com\/it\/liguriatrekkingexperience-diano-marina-tappa-7\/#breadcrumb\"},\"inLanguage\":\"it-IT\",\"potentialAction\":[{\"@type\":\"ReadAction\",\"target\":[\"https:\/\/blog.residenceliguria.com\/it\/liguriatrekkingexperience-diano-marina-tappa-7\/\"]}]},{\"@type\":\"ImageObject\",\"inLanguage\":\"it-IT\",\"@id\":\"https:\/\/blog.residenceliguria.com\/it\/liguriatrekkingexperience-diano-marina-tappa-7\/#primaryimage\",\"url\":\"https:\/\/blog.residenceliguria.com\/wp-content\/uploads\/2019\/07\/cover-yt-diano-marina.jpg\",\"contentUrl\":\"https:\/\/blog.residenceliguria.com\/wp-content\/uploads\/2019\/07\/cover-yt-diano-marina.jpg\",\"width\":1280,\"height\":720},{\"@type\":\"BreadcrumbList\",\"@id\":\"https:\/\/blog.residenceliguria.com\/it\/liguriatrekkingexperience-diano-marina-tappa-7\/#breadcrumb\",\"itemListElement\":[{\"@type\":\"ListItem\",\"position\":1,\"name\":\"Home\",\"item\":\"https:\/\/blog.residenceliguria.com\/it\/\"},{\"@type\":\"ListItem\",\"position\":2,\"name\":\"LiguriaTrekkingeXperience &#8211; Diano Marina [tappa 7]\"}]},{\"@type\":\"WebSite\",\"@id\":\"https:\/\/blog.residenceliguria.com\/it\/#website\",\"url\":\"https:\/\/blog.residenceliguria.com\/it\/\",\"name\":\"Il Blog di Residence di Liguria\",\"description\":\"Idee, suggerimenti, ispirazioni per visitare la Liguria\",\"publisher\":{\"@id\":\"https:\/\/blog.residenceliguria.com\/it\/#organization\"},\"potentialAction\":[{\"@type\":\"SearchAction\",\"target\":{\"@type\":\"EntryPoint\",\"urlTemplate\":\"https:\/\/blog.residenceliguria.com\/it\/?s={search_term_string}\"},\"query-input\":{\"@type\":\"PropertyValueSpecification\",\"valueRequired\":true,\"valueName\":\"search_term_string\"}}],\"inLanguage\":\"it-IT\"},{\"@type\":\"Organization\",\"@id\":\"https:\/\/blog.residenceliguria.com\/it\/#organization\",\"name\":\"Il Blog di Residence di Liguria\",\"url\":\"https:\/\/blog.residenceliguria.com\/it\/\",\"logo\":{\"@type\":\"ImageObject\",\"inLanguage\":\"it-IT\",\"@id\":\"https:\/\/blog.residenceliguria.com\/it\/#\/schema\/logo\/image\/\",\"url\":\"https:\/\/blog.residenceliguria.com\/wp-content\/uploads\/2017\/01\/logo.jpg\",\"contentUrl\":\"https:\/\/blog.residenceliguria.com\/wp-content\/uploads\/2017\/01\/logo.jpg\",\"width\":149,\"height\":220,\"caption\":\"Il Blog di Residence di Liguria\"},\"image\":{\"@id\":\"https:\/\/blog.residenceliguria.com\/it\/#\/schema\/logo\/image\/\"},\"sameAs\":[\"https:\/\/www.facebook.com\/ResidenceDiLiguria\",\"https:\/\/x.com\/liguriavacanze\",\"https:\/\/www.instagram.com\/residencediliguria\/\",\"https:\/\/it.pinterest.com\/liguriavacanze\/\"]},{\"@type\":\"Person\",\"@id\":\"https:\/\/blog.residenceliguria.com\/it\/#\/schema\/person\/56d50e78d9e43765ffcfce591fb5d129\",\"name\":\"ResidenceLiguria\",\"url\":\"https:\/\/blog.residenceliguria.com\/it\/author\/residenceliguria\/\"}]}<\/script>\n<!-- \/ Yoast SEO plugin. -->","yoast_head_json":{"title":"LiguriaTrekkingeXperience - Diano Marina [tappa 7] - Il Blog di Residence di Liguria","description":"Siamo a Diano Marina, per la tappa 7 di LiguriaTrekkingeXperience. In questa giornata di trekking in Liguria ci attende il sentiero per arrivare in cima al Pizzo d'\u00c9vigno.","robots":{"index":"index","follow":"follow","max-snippet":"max-snippet:-1","max-image-preview":"max-image-preview:large","max-video-preview":"max-video-preview:-1"},"canonical":"https:\/\/blog.residenceliguria.com\/it\/liguriatrekkingexperience-diano-marina-tappa-7\/","og_locale":"it_IT","og_type":"article","og_title":"LiguriaTrekkingeXperience - Diano Marina [tappa 7] - Il Blog di Residence di Liguria","og_description":"Siamo a Diano Marina, per la tappa 7 di LiguriaTrekkingeXperience. In questa giornata di trekking in Liguria ci attende il sentiero per arrivare in cima al Pizzo d'\u00c9vigno.","og_url":"https:\/\/blog.residenceliguria.com\/it\/liguriatrekkingexperience-diano-marina-tappa-7\/","og_site_name":"Il Blog di Residence di Liguria","article_publisher":"https:\/\/www.facebook.com\/ResidenceDiLiguria","article_published_time":"2019-07-15T09:39:03+00:00","article_modified_time":"2019-07-15T09:39:14+00:00","og_image":[{"width":1280,"height":720,"url":"https:\/\/blog.residenceliguria.com\/wp-content\/uploads\/2019\/07\/cover-yt-diano-marina.jpg","type":"image\/jpeg"}],"author":"ResidenceLiguria","twitter_card":"summary_large_image","twitter_creator":"@liguriavacanze","twitter_site":"@liguriavacanze","twitter_misc":{"Scritto da":"ResidenceLiguria","Tempo di lettura stimato":"10 minuti"},"schema":{"@context":"https:\/\/schema.org","@graph":[{"@type":"Article","@id":"https:\/\/blog.residenceliguria.com\/it\/liguriatrekkingexperience-diano-marina-tappa-7\/#article","isPartOf":{"@id":"https:\/\/blog.residenceliguria.com\/it\/liguriatrekkingexperience-diano-marina-tappa-7\/"},"author":{"name":"ResidenceLiguria","@id":"https:\/\/blog.residenceliguria.com\/it\/#\/schema\/person\/56d50e78d9e43765ffcfce591fb5d129"},"headline":"LiguriaTrekkingeXperience &#8211; Diano Marina [tappa 7]","datePublished":"2019-07-15T09:39:03+00:00","dateModified":"2019-07-15T09:39:14+00:00","mainEntityOfPage":{"@id":"https:\/\/blog.residenceliguria.com\/it\/liguriatrekkingexperience-diano-marina-tappa-7\/"},"wordCount":1963,"commentCount":0,"publisher":{"@id":"https:\/\/blog.residenceliguria.com\/it\/#organization"},"image":{"@id":"https:\/\/blog.residenceliguria.com\/it\/liguriatrekkingexperience-diano-marina-tappa-7\/#primaryimage"},"thumbnailUrl":"https:\/\/blog.residenceliguria.com\/wp-content\/uploads\/2019\/07\/cover-yt-diano-marina.jpg","articleSection":["LiguriaTrekkingeXperience"],"inLanguage":"it-IT","potentialAction":[{"@type":"CommentAction","name":"Comment","target":["https:\/\/blog.residenceliguria.com\/it\/liguriatrekkingexperience-diano-marina-tappa-7\/#respond"]}]},{"@type":"WebPage","@id":"https:\/\/blog.residenceliguria.com\/it\/liguriatrekkingexperience-diano-marina-tappa-7\/","url":"https:\/\/blog.residenceliguria.com\/it\/liguriatrekkingexperience-diano-marina-tappa-7\/","name":"LiguriaTrekkingeXperience - Diano Marina [tappa 7] - Il Blog di Residence di Liguria","isPartOf":{"@id":"https:\/\/blog.residenceliguria.com\/it\/#website"},"primaryImageOfPage":{"@id":"https:\/\/blog.residenceliguria.com\/it\/liguriatrekkingexperience-diano-marina-tappa-7\/#primaryimage"},"image":{"@id":"https:\/\/blog.residenceliguria.com\/it\/liguriatrekkingexperience-diano-marina-tappa-7\/#primaryimage"},"thumbnailUrl":"https:\/\/blog.residenceliguria.com\/wp-content\/uploads\/2019\/07\/cover-yt-diano-marina.jpg","datePublished":"2019-07-15T09:39:03+00:00","dateModified":"2019-07-15T09:39:14+00:00","description":"Siamo a Diano Marina, per la tappa 7 di LiguriaTrekkingeXperience. In questa giornata di trekking in Liguria ci attende il sentiero per arrivare in cima al Pizzo d'\u00c9vigno.","breadcrumb":{"@id":"https:\/\/blog.residenceliguria.com\/it\/liguriatrekkingexperience-diano-marina-tappa-7\/#breadcrumb"},"inLanguage":"it-IT","potentialAction":[{"@type":"ReadAction","target":["https:\/\/blog.residenceliguria.com\/it\/liguriatrekkingexperience-diano-marina-tappa-7\/"]}]},{"@type":"ImageObject","inLanguage":"it-IT","@id":"https:\/\/blog.residenceliguria.com\/it\/liguriatrekkingexperience-diano-marina-tappa-7\/#primaryimage","url":"https:\/\/blog.residenceliguria.com\/wp-content\/uploads\/2019\/07\/cover-yt-diano-marina.jpg","contentUrl":"https:\/\/blog.residenceliguria.com\/wp-content\/uploads\/2019\/07\/cover-yt-diano-marina.jpg","width":1280,"height":720},{"@type":"BreadcrumbList","@id":"https:\/\/blog.residenceliguria.com\/it\/liguriatrekkingexperience-diano-marina-tappa-7\/#breadcrumb","itemListElement":[{"@type":"ListItem","position":1,"name":"Home","item":"https:\/\/blog.residenceliguria.com\/it\/"},{"@type":"ListItem","position":2,"name":"LiguriaTrekkingeXperience &#8211; Diano Marina [tappa 7]"}]},{"@type":"WebSite","@id":"https:\/\/blog.residenceliguria.com\/it\/#website","url":"https:\/\/blog.residenceliguria.com\/it\/","name":"Il Blog di Residence di Liguria","description":"Idee, suggerimenti, ispirazioni per visitare la Liguria","publisher":{"@id":"https:\/\/blog.residenceliguria.com\/it\/#organization"},"potentialAction":[{"@type":"SearchAction","target":{"@type":"EntryPoint","urlTemplate":"https:\/\/blog.residenceliguria.com\/it\/?s={search_term_string}"},"query-input":{"@type":"PropertyValueSpecification","valueRequired":true,"valueName":"search_term_string"}}],"inLanguage":"it-IT"},{"@type":"Organization","@id":"https:\/\/blog.residenceliguria.com\/it\/#organization","name":"Il Blog di Residence di Liguria","url":"https:\/\/blog.residenceliguria.com\/it\/","logo":{"@type":"ImageObject","inLanguage":"it-IT","@id":"https:\/\/blog.residenceliguria.com\/it\/#\/schema\/logo\/image\/","url":"https:\/\/blog.residenceliguria.com\/wp-content\/uploads\/2017\/01\/logo.jpg","contentUrl":"https:\/\/blog.residenceliguria.com\/wp-content\/uploads\/2017\/01\/logo.jpg","width":149,"height":220,"caption":"Il Blog di Residence di Liguria"},"image":{"@id":"https:\/\/blog.residenceliguria.com\/it\/#\/schema\/logo\/image\/"},"sameAs":["https:\/\/www.facebook.com\/ResidenceDiLiguria","https:\/\/x.com\/liguriavacanze","https:\/\/www.instagram.com\/residencediliguria\/","https:\/\/it.pinterest.com\/liguriavacanze\/"]},{"@type":"Person","@id":"https:\/\/blog.residenceliguria.com\/it\/#\/schema\/person\/56d50e78d9e43765ffcfce591fb5d129","name":"ResidenceLiguria","url":"https:\/\/blog.residenceliguria.com\/it\/author\/residenceliguria\/"}]}},"wps_subtitle":"Trekking verso la cima del Pizzo d'\u00c9vigno","_links":{"self":[{"href":"https:\/\/blog.residenceliguria.com\/it\/wp-json\/wp\/v2\/posts\/1636","targetHints":{"allow":["GET"]}}],"collection":[{"href":"https:\/\/blog.residenceliguria.com\/it\/wp-json\/wp\/v2\/posts"}],"about":[{"href":"https:\/\/blog.residenceliguria.com\/it\/wp-json\/wp\/v2\/types\/post"}],"author":[{"embeddable":true,"href":"https:\/\/blog.residenceliguria.com\/it\/wp-json\/wp\/v2\/users\/1"}],"replies":[{"embeddable":true,"href":"https:\/\/blog.residenceliguria.com\/it\/wp-json\/wp\/v2\/comments?post=1636"}],"version-history":[{"count":17,"href":"https:\/\/blog.residenceliguria.com\/it\/wp-json\/wp\/v2\/posts\/1636\/revisions"}],"predecessor-version":[{"id":1662,"href":"https:\/\/blog.residenceliguria.com\/it\/wp-json\/wp\/v2\/posts\/1636\/revisions\/1662"}],"wp:featuredmedia":[{"embeddable":true,"href":"https:\/\/blog.residenceliguria.com\/it\/wp-json\/wp\/v2\/media\/1637"}],"wp:attachment":[{"href":"https:\/\/blog.residenceliguria.com\/it\/wp-json\/wp\/v2\/media?parent=1636"}],"wp:term":[{"taxonomy":"category","embeddable":true,"href":"https:\/\/blog.residenceliguria.com\/it\/wp-json\/wp\/v2\/categories?post=1636"},{"taxonomy":"post_tag","embeddable":true,"href":"https:\/\/blog.residenceliguria.com\/it\/wp-json\/wp\/v2\/tags?post=1636"}],"curies":[{"name":"wp","href":"https:\/\/api.w.org\/{rel}","templated":true}]}}