{"id":1240,"date":"2018-07-18T14:52:22","date_gmt":"2018-07-18T12:52:22","guid":{"rendered":"http:\/\/blog.residenceliguria.com\/?p=1240"},"modified":"2019-01-08T10:24:17","modified_gmt":"2019-01-08T09:24:17","slug":"cosa-fare-a-ferragosto-2019-in-liguria","status":"publish","type":"post","link":"https:\/\/blog.residenceliguria.com\/it\/cosa-fare-a-ferragosto-2019-in-liguria\/","title":{"rendered":"Cosa fare a Ferragosto 2019 in Liguria"},"content":{"rendered":"<!-- Added by Post\/Page Specific Custom Code plugin, thank you for using! -->\n<style>.contenitorepost {\r\n   height: 392px;\r\n}\r\n@media (max-width: 640px) {\r\n.contenitorepost {\r\n   height: 275px;\r\n}\r\n}<\/style>\n<p>Luglio \u00e8 quasi finito e con l\u2019arrivo di agosto sorge spontanea la domanda: cosa si fa per Ferragosto?<\/p>\n<p>\u00c8 normale volersi organizzare per quel giorno, perch\u00e9 \u00e8 l\u2019<strong>unica festivit\u00e0 dell\u2019estate<\/strong>.<\/p>\n<p>Vediamo come si pu\u00f2 trascorrere la giornata all\u2019aperto.<\/p>\n<p>Dato che siamo in estate ci sta un tuffo da qualche parte, ma se volete evitare la spiaggia, che potrebbe essere molto affollata, <strong>vi conviene buttarvi in piscina<\/strong>. E quale scelta migliore se non il parco acquatico<strong> Le Caravelle<\/strong> a<strong> Ceriale<\/strong>? Voi potrete sdraiarvi al sole sul lettino mentre i bambini si scateneranno sugli scivoli e nelle varie piscine, alcune davvero grandi. E se avete un amico a quattro zampe potrete portarlo con voi, l\u00ec star\u00e0 in un\u2019apposita pensione. Per i pi\u00f9 piccoli c\u2019\u00e8 anche il <strong>baby club<\/strong>. Le attrazioni acquatiche sono ben dodici, fra cui l\u2019altissimo scivolo Kamikaze, la vasca a onde e l\u2019Aquadance, uno spazio per ballare al fresco delle docce. Ci sono anche il campo da beach volley, i tappeti gonfiabili e il trenino. Per i grandi ci sono la<strong> vasca idromassaggio<\/strong> e l\u2019<strong>area benessere<\/strong>.<\/p>\n<p>Se per Ferragosto volete puntare al divertimento, ma non in acqua, ecco che fa per voi il <strong>Parco Avventura Val di Vara<\/strong>. Si trova nell&#8217;estremo nord della provincia della<strong> Spezia<\/strong>, in localit\u00e0 Tavarone, una frazione del comune di Maissana. Il parco \u00e8 immerso in una bellissima zona verde e boscosa, dove \u00e8 allestita anche un\u2019area pic-nic, per un totale di centocinquanta ettari. I percorsi e le attrazioni sono per <strong>tutti i gusti e per tutte le et\u00e0<\/strong>, quindi anche i bambini (non pi\u00f9 piccoli di 5 anni) e i meno sportivi possono trovare qualcosa di divertente da fare. Ci sono ponti tibetani, nepalesi, liane e teleferiche. A proposito, qui c\u2019\u00e8 la pi\u00f9 lunga d\u2019Italia: sono duecentocinquanta metri da albero ad albero, a un\u2019altezza di quaranta. L\u2019entrata al parco ha una durata di tre ore, l\u00ec troverete l\u2019attrezzatura e personale esperto.<\/p>\n<div class=\"spazio30\"><\/div>\n<p><img loading=\"lazy\" decoding=\"async\" class=\"size-full wp-image-1247 img-responsive\" src=\"http:\/\/blog.residenceliguria.com\/wp-content\/uploads\/2018\/07\/Parco-avventura-val-di-vara.jpg\" alt=\"Parco Avventura Val di vara\" width=\"785\" height=\"440\" srcset=\"https:\/\/blog.residenceliguria.com\/wp-content\/uploads\/2018\/07\/Parco-avventura-val-di-vara.jpg 785w, https:\/\/blog.residenceliguria.com\/wp-content\/uploads\/2018\/07\/Parco-avventura-val-di-vara-300x168.jpg 300w, https:\/\/blog.residenceliguria.com\/wp-content\/uploads\/2018\/07\/Parco-avventura-val-di-vara-768x430.jpg 768w\" sizes=\"auto, (max-width: 785px) 100vw, 785px\" \/><\/p>\n<div class=\"spazio30\"><\/div>\n<p>A<strong> Sarzana<\/strong>, sempre in provincia della Spezia, \u00a0si svolger\u00e0 la manifestazione <strong>Soffitta in Strada<\/strong>, il celebre <strong>mercatino dell\u2019antiquariato<\/strong> che si tiene per il cinquantaquattresimo anno. Si svolge per le vie del centro storico e in piazza Matteotti. I banchi aprono dal tardo pomeriggio sino a sera tardi. Potrebbe essere l\u2019occasione per visitare la cittadina, dal cuore ancora antico, le sue fortezze, mangiare qualcosa di tipico come la spungata e terminare la giornata con un giro fra le bancarelle. Oltre a mobili e oggetti da collezionismo ci sono anche libri, dischi e abbigliamento d\u2019epoca.<\/p>\n<p>Se per Ferragosto preferite la tranquillit\u00e0 allora potreste <strong>visitare uno dei tanti borghi<\/strong>, anche dell\u2019entroterra.<\/p>\n<p>Per esempio <strong>Lingueglietta<\/strong>, un paesino che si trova fra Imperia e San Remo. Si chiama cos\u00ec perch\u00e9 il nome dell\u2019antica famiglia feudale dominante era Lengueglia. \u00c8 anche uno dei <strong>Borghi pi\u00f9 Belli d\u2019Italia<\/strong>. Qui trovate i caruggi, gli archi e le volte di origine medievale. Le case sono disposte talmente vicine una all\u2019altra da formare esse stesse una cinta muraria difensiva. La vita si svolgeva alla loggia municipale, dove sotto l\u2019archivolto si trovano ancora le misure in pietra per olio, vino e grano e quelle lineari della \u00abcanna\u00bb.<\/p>\n<div class=\"spazio30\"><\/div>\n<p><img loading=\"lazy\" decoding=\"async\" class=\"size-full wp-image-1245 aligncenter img-responsive\" src=\"http:\/\/blog.residenceliguria.com\/wp-content\/uploads\/2018\/07\/Lingueglietta.jpg\" alt=\"Vista su Lingueglietta\" width=\"785\" height=\"440\" srcset=\"https:\/\/blog.residenceliguria.com\/wp-content\/uploads\/2018\/07\/Lingueglietta.jpg 785w, https:\/\/blog.residenceliguria.com\/wp-content\/uploads\/2018\/07\/Lingueglietta-300x168.jpg 300w, https:\/\/blog.residenceliguria.com\/wp-content\/uploads\/2018\/07\/Lingueglietta-768x430.jpg 768w\" sizes=\"auto, (max-width: 785px) 100vw, 785px\" \/><\/p>\n<div class=\"spazio30\"><\/div>\n<p><strong>Castelvecchio di Rocca Barbena<\/strong>, in provincia di Savona, \u00e8 un altro paese che fa parte del circuito Borghi pi\u00f9 Belli d\u2019Italia. Il nome deriva dal castello, ancora presente, che lo sovrasta, alto 1142 metri. \u00c8 il primo dei borghi murati della val Neva. Qui potete vedere antiche case in pietra, portali in tufo, tetti a terrazza e sottotetti ad arco, dove si essiccavano fichi e funghi, forni che sporgono dalle case, dove si cuoceva il pane per tutto il paese. Le finestre delle case hanno le cornici bianche. Sembrano un po\u2019 delle fortezze, infatti pare che i primi abitanti si fossero rifugiati qui dalla costa per sfuggire ai Saraceni. Tra le case alle pendici del castello c\u2019\u00e8 quella in cui Bj\u00f6rn Afzelius componeva le sue canzoni.<\/p>\n<div class=\"spazio30\"><\/div>\n<p><img loading=\"lazy\" decoding=\"async\" class=\"size-full wp-image-1244 aligncenter img-responsive\" src=\"http:\/\/blog.residenceliguria.com\/wp-content\/uploads\/2018\/07\/Castelvecchio-di-Rocca-Barbena.jpg\" alt=\"Vista su Castelvecchio di Rocca Barbena\" width=\"785\" height=\"440\" srcset=\"https:\/\/blog.residenceliguria.com\/wp-content\/uploads\/2018\/07\/Castelvecchio-di-Rocca-Barbena.jpg 785w, https:\/\/blog.residenceliguria.com\/wp-content\/uploads\/2018\/07\/Castelvecchio-di-Rocca-Barbena-300x168.jpg 300w, https:\/\/blog.residenceliguria.com\/wp-content\/uploads\/2018\/07\/Castelvecchio-di-Rocca-Barbena-768x430.jpg 768w\" sizes=\"auto, (max-width: 785px) 100vw, 785px\" \/><\/p>\n<div class=\"spazio30\"><\/div>\n<p><strong>Castelnuovo Magra<\/strong>, nell\u2019entroterra di Sarzana, sorge sul <strong>monte Bastione<\/strong>, un colle sovrasta la piana del fiume Magra ed \u00e8 poco lontano da Fiumaretta di Ameglia, localit\u00e0 balneare. Questo antico borgo \u00e8 <strong>Bandiera Arancione del Touring Club Italiano<\/strong>, Premio Nazionale Bandiera Verde per l\u2019Agricoltura e la Tutela dell\u2019Ambiente e ha ottenuto la certificazione ISO 14001. Il centro storico \u00e8 ben conservato, ci sono botteghe antiche, il castello con la torre e le mura e l\u2019oratorio dei Bianchi. Tutto intorno al borgo ci sono colline coltivate a vigneto, dalle quali si ricava il vino Vermentino, molto conosciuto.<\/p>\n<div class=\"spazio30\"><\/div>\n<p><img loading=\"lazy\" decoding=\"async\" class=\"size-full wp-image-1243 aligncenter img-responsive\" src=\"http:\/\/blog.residenceliguria.com\/wp-content\/uploads\/2018\/07\/Castelnuovo-Magra.jpg\" alt=\"Castelnuovo Magra\" width=\"785\" height=\"440\" srcset=\"https:\/\/blog.residenceliguria.com\/wp-content\/uploads\/2018\/07\/Castelnuovo-Magra.jpg 785w, https:\/\/blog.residenceliguria.com\/wp-content\/uploads\/2018\/07\/Castelnuovo-Magra-300x168.jpg 300w, https:\/\/blog.residenceliguria.com\/wp-content\/uploads\/2018\/07\/Castelnuovo-Magra-768x430.jpg 768w\" sizes=\"auto, (max-width: 785px) 100vw, 785px\" \/><\/p>\n<div class=\"spazio30\"><\/div>\n<p>\u00a9 foto Parco avventura Val di Vara:\u00a0<a href=\"https:\/\/passeggiareinliguria.it\/2018\/04\/29\/anello-del-giandriale-salita-al-monte-alpe\/\" target=\"_blank\" rel=\"noopener nofollow\">passeggiareinliguria.it<\/a><\/p>","protected":false},"excerpt":{"rendered":"<p>Luglio \u00e8 quasi finito e con l\u2019arrivo di agosto sorge spontanea la domanda: cosa si fa per Ferragosto? \u00c8 normale volersi organizzare per quel giorno, perch\u00e9 \u00e8 l\u2019unica festivit\u00e0 dell\u2019estate. Vediamo come si pu\u00f2 trascorrere la giornata all\u2019aperto. Dato che siamo in estate ci sta un tuffo da qualche parte, ma se volete evitare la &hellip;<\/p>\n","protected":false},"author":1,"featured_media":1242,"comment_status":"open","ping_status":"open","sticky":false,"template":"","format":"standard","meta":{"footnotes":""},"categories":[27],"tags":[337,342,341,110,190,336,338,6,340,339,258],"class_list":["post-1240","post","type-post","status-publish","format-standard","has-post-thumbnail","hentry","category-destinazioni","tag-15-agosto","tag-castelnuovo-magra","tag-castelvecchio","tag-castelvecchio-di-rocca-barbena","tag-ceriale","tag-ferragosto","tag-le-caravelle","tag-liguria","tag-lingueglietta","tag-parco-avventura-val-di-vara","tag-sarzana"],"yoast_head":"<!-- This site is optimized with the Yoast SEO plugin v23.6 - https:\/\/yoast.com\/wordpress\/plugins\/seo\/ -->\n<title>Cosa fare a Ferragosto 2019 in Liguria - Il Blog di Residence di Liguria<\/title>\n<meta name=\"description\" content=\"Luglio \u00e8 quasi finito e con l\u2019arrivo di agosto sorge spontanea la domanda: cosa fare per Ferragosto 2019 in Liguria? Ecco alcuni consigli per tutti i gusti e le et\u00e0!\" \/>\n<meta name=\"robots\" content=\"index, follow, max-snippet:-1, max-image-preview:large, max-video-preview:-1\" \/>\n<link rel=\"canonical\" href=\"https:\/\/blog.residenceliguria.com\/it\/cosa-fare-a-ferragosto-2019-in-liguria\/\" \/>\n<meta property=\"og:locale\" content=\"it_IT\" \/>\n<meta property=\"og:type\" content=\"article\" \/>\n<meta property=\"og:title\" content=\"Cosa fare a Ferragosto 2019 in Liguria - Il Blog di Residence di Liguria\" \/>\n<meta property=\"og:description\" content=\"Luglio \u00e8 quasi finito e con l\u2019arrivo di agosto sorge spontanea la domanda: cosa fare per Ferragosto 2019 in Liguria? Ecco alcuni consigli per tutti i gusti e le et\u00e0!\" \/>\n<meta property=\"og:url\" content=\"https:\/\/blog.residenceliguria.com\/it\/cosa-fare-a-ferragosto-2019-in-liguria\/\" \/>\n<meta property=\"og:site_name\" content=\"Il Blog di Residence di Liguria\" \/>\n<meta property=\"article:publisher\" content=\"https:\/\/www.facebook.com\/ResidenceDiLiguria\" \/>\n<meta property=\"article:published_time\" content=\"2018-07-18T12:52:22+00:00\" \/>\n<meta property=\"article:modified_time\" content=\"2019-01-08T09:24:17+00:00\" \/>\n<meta property=\"og:image\" content=\"https:\/\/blog.residenceliguria.com\/wp-content\/uploads\/2018\/07\/liguria-676288_960_720.jpg\" \/>\n\t<meta property=\"og:image:width\" content=\"960\" \/>\n\t<meta property=\"og:image:height\" content=\"624\" \/>\n\t<meta property=\"og:image:type\" content=\"image\/jpeg\" \/>\n<meta name=\"author\" content=\"ResidenceLiguria\" \/>\n<meta name=\"twitter:card\" content=\"summary_large_image\" \/>\n<meta name=\"twitter:creator\" content=\"@liguriavacanze\" \/>\n<meta name=\"twitter:site\" content=\"@liguriavacanze\" \/>\n<meta name=\"twitter:label1\" content=\"Scritto da\" \/>\n\t<meta name=\"twitter:data1\" content=\"ResidenceLiguria\" \/>\n\t<meta name=\"twitter:label2\" content=\"Tempo di lettura stimato\" \/>\n\t<meta name=\"twitter:data2\" content=\"4 minuti\" \/>\n<script type=\"application\/ld+json\" class=\"yoast-schema-graph\">{\"@context\":\"https:\/\/schema.org\",\"@graph\":[{\"@type\":\"Article\",\"@id\":\"https:\/\/blog.residenceliguria.com\/it\/cosa-fare-a-ferragosto-2019-in-liguria\/#article\",\"isPartOf\":{\"@id\":\"https:\/\/blog.residenceliguria.com\/it\/cosa-fare-a-ferragosto-2019-in-liguria\/\"},\"author\":{\"name\":\"ResidenceLiguria\",\"@id\":\"https:\/\/blog.residenceliguria.com\/it\/#\/schema\/person\/56d50e78d9e43765ffcfce591fb5d129\"},\"headline\":\"Cosa fare a Ferragosto 2019 in Liguria\",\"datePublished\":\"2018-07-18T12:52:22+00:00\",\"dateModified\":\"2019-01-08T09:24:17+00:00\",\"mainEntityOfPage\":{\"@id\":\"https:\/\/blog.residenceliguria.com\/it\/cosa-fare-a-ferragosto-2019-in-liguria\/\"},\"wordCount\":762,\"commentCount\":0,\"publisher\":{\"@id\":\"https:\/\/blog.residenceliguria.com\/it\/#organization\"},\"image\":{\"@id\":\"https:\/\/blog.residenceliguria.com\/it\/cosa-fare-a-ferragosto-2019-in-liguria\/#primaryimage\"},\"thumbnailUrl\":\"https:\/\/blog.residenceliguria.com\/wp-content\/uploads\/2018\/07\/liguria-676288_960_720.jpg\",\"keywords\":[\"15 agosto\",\"castelnuovo magra\",\"Castelvecchio\",\"Castelvecchio di Rocca Barbena\",\"Ceriale\",\"Ferragosto\",\"le caravelle\",\"Liguria\",\"Lingueglietta\",\"Parco Avventura Val di Vara\",\"Sarzana\"],\"articleSection\":[\"Destinazioni\"],\"inLanguage\":\"it-IT\",\"potentialAction\":[{\"@type\":\"CommentAction\",\"name\":\"Comment\",\"target\":[\"https:\/\/blog.residenceliguria.com\/it\/cosa-fare-a-ferragosto-2019-in-liguria\/#respond\"]}]},{\"@type\":\"WebPage\",\"@id\":\"https:\/\/blog.residenceliguria.com\/it\/cosa-fare-a-ferragosto-2019-in-liguria\/\",\"url\":\"https:\/\/blog.residenceliguria.com\/it\/cosa-fare-a-ferragosto-2019-in-liguria\/\",\"name\":\"Cosa fare a Ferragosto 2019 in Liguria - Il Blog di Residence di Liguria\",\"isPartOf\":{\"@id\":\"https:\/\/blog.residenceliguria.com\/it\/#website\"},\"primaryImageOfPage\":{\"@id\":\"https:\/\/blog.residenceliguria.com\/it\/cosa-fare-a-ferragosto-2019-in-liguria\/#primaryimage\"},\"image\":{\"@id\":\"https:\/\/blog.residenceliguria.com\/it\/cosa-fare-a-ferragosto-2019-in-liguria\/#primaryimage\"},\"thumbnailUrl\":\"https:\/\/blog.residenceliguria.com\/wp-content\/uploads\/2018\/07\/liguria-676288_960_720.jpg\",\"datePublished\":\"2018-07-18T12:52:22+00:00\",\"dateModified\":\"2019-01-08T09:24:17+00:00\",\"description\":\"Luglio \u00e8 quasi finito e con l\u2019arrivo di agosto sorge spontanea la domanda: cosa fare per Ferragosto 2019 in Liguria? Ecco alcuni consigli per tutti i gusti e le et\u00e0!\",\"breadcrumb\":{\"@id\":\"https:\/\/blog.residenceliguria.com\/it\/cosa-fare-a-ferragosto-2019-in-liguria\/#breadcrumb\"},\"inLanguage\":\"it-IT\",\"potentialAction\":[{\"@type\":\"ReadAction\",\"target\":[\"https:\/\/blog.residenceliguria.com\/it\/cosa-fare-a-ferragosto-2019-in-liguria\/\"]}]},{\"@type\":\"ImageObject\",\"inLanguage\":\"it-IT\",\"@id\":\"https:\/\/blog.residenceliguria.com\/it\/cosa-fare-a-ferragosto-2019-in-liguria\/#primaryimage\",\"url\":\"https:\/\/blog.residenceliguria.com\/wp-content\/uploads\/2018\/07\/liguria-676288_960_720.jpg\",\"contentUrl\":\"https:\/\/blog.residenceliguria.com\/wp-content\/uploads\/2018\/07\/liguria-676288_960_720.jpg\",\"width\":960,\"height\":624},{\"@type\":\"BreadcrumbList\",\"@id\":\"https:\/\/blog.residenceliguria.com\/it\/cosa-fare-a-ferragosto-2019-in-liguria\/#breadcrumb\",\"itemListElement\":[{\"@type\":\"ListItem\",\"position\":1,\"name\":\"Home\",\"item\":\"https:\/\/blog.residenceliguria.com\/it\/\"},{\"@type\":\"ListItem\",\"position\":2,\"name\":\"Cosa fare a Ferragosto 2019 in Liguria\"}]},{\"@type\":\"WebSite\",\"@id\":\"https:\/\/blog.residenceliguria.com\/it\/#website\",\"url\":\"https:\/\/blog.residenceliguria.com\/it\/\",\"name\":\"Il Blog di Residence di Liguria\",\"description\":\"Idee, suggerimenti, ispirazioni per visitare la Liguria\",\"publisher\":{\"@id\":\"https:\/\/blog.residenceliguria.com\/it\/#organization\"},\"potentialAction\":[{\"@type\":\"SearchAction\",\"target\":{\"@type\":\"EntryPoint\",\"urlTemplate\":\"https:\/\/blog.residenceliguria.com\/it\/?s={search_term_string}\"},\"query-input\":{\"@type\":\"PropertyValueSpecification\",\"valueRequired\":true,\"valueName\":\"search_term_string\"}}],\"inLanguage\":\"it-IT\"},{\"@type\":\"Organization\",\"@id\":\"https:\/\/blog.residenceliguria.com\/it\/#organization\",\"name\":\"Il Blog di Residence di Liguria\",\"url\":\"https:\/\/blog.residenceliguria.com\/it\/\",\"logo\":{\"@type\":\"ImageObject\",\"inLanguage\":\"it-IT\",\"@id\":\"https:\/\/blog.residenceliguria.com\/it\/#\/schema\/logo\/image\/\",\"url\":\"https:\/\/blog.residenceliguria.com\/wp-content\/uploads\/2017\/01\/logo.jpg\",\"contentUrl\":\"https:\/\/blog.residenceliguria.com\/wp-content\/uploads\/2017\/01\/logo.jpg\",\"width\":149,\"height\":220,\"caption\":\"Il Blog di Residence di Liguria\"},\"image\":{\"@id\":\"https:\/\/blog.residenceliguria.com\/it\/#\/schema\/logo\/image\/\"},\"sameAs\":[\"https:\/\/www.facebook.com\/ResidenceDiLiguria\",\"https:\/\/x.com\/liguriavacanze\",\"https:\/\/www.instagram.com\/residencediliguria\/\",\"https:\/\/it.pinterest.com\/liguriavacanze\/\"]},{\"@type\":\"Person\",\"@id\":\"https:\/\/blog.residenceliguria.com\/it\/#\/schema\/person\/56d50e78d9e43765ffcfce591fb5d129\",\"name\":\"ResidenceLiguria\",\"url\":\"https:\/\/blog.residenceliguria.com\/it\/author\/residenceliguria\/\"}]}<\/script>\n<!-- \/ Yoast SEO plugin. -->","yoast_head_json":{"title":"Cosa fare a Ferragosto 2019 in Liguria - Il Blog di Residence di Liguria","description":"Luglio \u00e8 quasi finito e con l\u2019arrivo di agosto sorge spontanea la domanda: cosa fare per Ferragosto 2019 in Liguria? Ecco alcuni consigli per tutti i gusti e le et\u00e0!","robots":{"index":"index","follow":"follow","max-snippet":"max-snippet:-1","max-image-preview":"max-image-preview:large","max-video-preview":"max-video-preview:-1"},"canonical":"https:\/\/blog.residenceliguria.com\/it\/cosa-fare-a-ferragosto-2019-in-liguria\/","og_locale":"it_IT","og_type":"article","og_title":"Cosa fare a Ferragosto 2019 in Liguria - Il Blog di Residence di Liguria","og_description":"Luglio \u00e8 quasi finito e con l\u2019arrivo di agosto sorge spontanea la domanda: cosa fare per Ferragosto 2019 in Liguria? Ecco alcuni consigli per tutti i gusti e le et\u00e0!","og_url":"https:\/\/blog.residenceliguria.com\/it\/cosa-fare-a-ferragosto-2019-in-liguria\/","og_site_name":"Il Blog di Residence di Liguria","article_publisher":"https:\/\/www.facebook.com\/ResidenceDiLiguria","article_published_time":"2018-07-18T12:52:22+00:00","article_modified_time":"2019-01-08T09:24:17+00:00","og_image":[{"width":960,"height":624,"url":"https:\/\/blog.residenceliguria.com\/wp-content\/uploads\/2018\/07\/liguria-676288_960_720.jpg","type":"image\/jpeg"}],"author":"ResidenceLiguria","twitter_card":"summary_large_image","twitter_creator":"@liguriavacanze","twitter_site":"@liguriavacanze","twitter_misc":{"Scritto da":"ResidenceLiguria","Tempo di lettura stimato":"4 minuti"},"schema":{"@context":"https:\/\/schema.org","@graph":[{"@type":"Article","@id":"https:\/\/blog.residenceliguria.com\/it\/cosa-fare-a-ferragosto-2019-in-liguria\/#article","isPartOf":{"@id":"https:\/\/blog.residenceliguria.com\/it\/cosa-fare-a-ferragosto-2019-in-liguria\/"},"author":{"name":"ResidenceLiguria","@id":"https:\/\/blog.residenceliguria.com\/it\/#\/schema\/person\/56d50e78d9e43765ffcfce591fb5d129"},"headline":"Cosa fare a Ferragosto 2019 in Liguria","datePublished":"2018-07-18T12:52:22+00:00","dateModified":"2019-01-08T09:24:17+00:00","mainEntityOfPage":{"@id":"https:\/\/blog.residenceliguria.com\/it\/cosa-fare-a-ferragosto-2019-in-liguria\/"},"wordCount":762,"commentCount":0,"publisher":{"@id":"https:\/\/blog.residenceliguria.com\/it\/#organization"},"image":{"@id":"https:\/\/blog.residenceliguria.com\/it\/cosa-fare-a-ferragosto-2019-in-liguria\/#primaryimage"},"thumbnailUrl":"https:\/\/blog.residenceliguria.com\/wp-content\/uploads\/2018\/07\/liguria-676288_960_720.jpg","keywords":["15 agosto","castelnuovo magra","Castelvecchio","Castelvecchio di Rocca Barbena","Ceriale","Ferragosto","le caravelle","Liguria","Lingueglietta","Parco Avventura Val di Vara","Sarzana"],"articleSection":["Destinazioni"],"inLanguage":"it-IT","potentialAction":[{"@type":"CommentAction","name":"Comment","target":["https:\/\/blog.residenceliguria.com\/it\/cosa-fare-a-ferragosto-2019-in-liguria\/#respond"]}]},{"@type":"WebPage","@id":"https:\/\/blog.residenceliguria.com\/it\/cosa-fare-a-ferragosto-2019-in-liguria\/","url":"https:\/\/blog.residenceliguria.com\/it\/cosa-fare-a-ferragosto-2019-in-liguria\/","name":"Cosa fare a Ferragosto 2019 in Liguria - Il Blog di Residence di Liguria","isPartOf":{"@id":"https:\/\/blog.residenceliguria.com\/it\/#website"},"primaryImageOfPage":{"@id":"https:\/\/blog.residenceliguria.com\/it\/cosa-fare-a-ferragosto-2019-in-liguria\/#primaryimage"},"image":{"@id":"https:\/\/blog.residenceliguria.com\/it\/cosa-fare-a-ferragosto-2019-in-liguria\/#primaryimage"},"thumbnailUrl":"https:\/\/blog.residenceliguria.com\/wp-content\/uploads\/2018\/07\/liguria-676288_960_720.jpg","datePublished":"2018-07-18T12:52:22+00:00","dateModified":"2019-01-08T09:24:17+00:00","description":"Luglio \u00e8 quasi finito e con l\u2019arrivo di agosto sorge spontanea la domanda: cosa fare per Ferragosto 2019 in Liguria? Ecco alcuni consigli per tutti i gusti e le et\u00e0!","breadcrumb":{"@id":"https:\/\/blog.residenceliguria.com\/it\/cosa-fare-a-ferragosto-2019-in-liguria\/#breadcrumb"},"inLanguage":"it-IT","potentialAction":[{"@type":"ReadAction","target":["https:\/\/blog.residenceliguria.com\/it\/cosa-fare-a-ferragosto-2019-in-liguria\/"]}]},{"@type":"ImageObject","inLanguage":"it-IT","@id":"https:\/\/blog.residenceliguria.com\/it\/cosa-fare-a-ferragosto-2019-in-liguria\/#primaryimage","url":"https:\/\/blog.residenceliguria.com\/wp-content\/uploads\/2018\/07\/liguria-676288_960_720.jpg","contentUrl":"https:\/\/blog.residenceliguria.com\/wp-content\/uploads\/2018\/07\/liguria-676288_960_720.jpg","width":960,"height":624},{"@type":"BreadcrumbList","@id":"https:\/\/blog.residenceliguria.com\/it\/cosa-fare-a-ferragosto-2019-in-liguria\/#breadcrumb","itemListElement":[{"@type":"ListItem","position":1,"name":"Home","item":"https:\/\/blog.residenceliguria.com\/it\/"},{"@type":"ListItem","position":2,"name":"Cosa fare a Ferragosto 2019 in Liguria"}]},{"@type":"WebSite","@id":"https:\/\/blog.residenceliguria.com\/it\/#website","url":"https:\/\/blog.residenceliguria.com\/it\/","name":"Il Blog di Residence di Liguria","description":"Idee, suggerimenti, ispirazioni per visitare la Liguria","publisher":{"@id":"https:\/\/blog.residenceliguria.com\/it\/#organization"},"potentialAction":[{"@type":"SearchAction","target":{"@type":"EntryPoint","urlTemplate":"https:\/\/blog.residenceliguria.com\/it\/?s={search_term_string}"},"query-input":{"@type":"PropertyValueSpecification","valueRequired":true,"valueName":"search_term_string"}}],"inLanguage":"it-IT"},{"@type":"Organization","@id":"https:\/\/blog.residenceliguria.com\/it\/#organization","name":"Il Blog di Residence di Liguria","url":"https:\/\/blog.residenceliguria.com\/it\/","logo":{"@type":"ImageObject","inLanguage":"it-IT","@id":"https:\/\/blog.residenceliguria.com\/it\/#\/schema\/logo\/image\/","url":"https:\/\/blog.residenceliguria.com\/wp-content\/uploads\/2017\/01\/logo.jpg","contentUrl":"https:\/\/blog.residenceliguria.com\/wp-content\/uploads\/2017\/01\/logo.jpg","width":149,"height":220,"caption":"Il Blog di Residence di Liguria"},"image":{"@id":"https:\/\/blog.residenceliguria.com\/it\/#\/schema\/logo\/image\/"},"sameAs":["https:\/\/www.facebook.com\/ResidenceDiLiguria","https:\/\/x.com\/liguriavacanze","https:\/\/www.instagram.com\/residencediliguria\/","https:\/\/it.pinterest.com\/liguriavacanze\/"]},{"@type":"Person","@id":"https:\/\/blog.residenceliguria.com\/it\/#\/schema\/person\/56d50e78d9e43765ffcfce591fb5d129","name":"ResidenceLiguria","url":"https:\/\/blog.residenceliguria.com\/it\/author\/residenceliguria\/"}]}},"wps_subtitle":"Da Ponente a Levante, dove andare il 15 agosto","_links":{"self":[{"href":"https:\/\/blog.residenceliguria.com\/it\/wp-json\/wp\/v2\/posts\/1240","targetHints":{"allow":["GET"]}}],"collection":[{"href":"https:\/\/blog.residenceliguria.com\/it\/wp-json\/wp\/v2\/posts"}],"about":[{"href":"https:\/\/blog.residenceliguria.com\/it\/wp-json\/wp\/v2\/types\/post"}],"author":[{"embeddable":true,"href":"https:\/\/blog.residenceliguria.com\/it\/wp-json\/wp\/v2\/users\/1"}],"replies":[{"embeddable":true,"href":"https:\/\/blog.residenceliguria.com\/it\/wp-json\/wp\/v2\/comments?post=1240"}],"version-history":[{"count":7,"href":"https:\/\/blog.residenceliguria.com\/it\/wp-json\/wp\/v2\/posts\/1240\/revisions"}],"predecessor-version":[{"id":1381,"href":"https:\/\/blog.residenceliguria.com\/it\/wp-json\/wp\/v2\/posts\/1240\/revisions\/1381"}],"wp:featuredmedia":[{"embeddable":true,"href":"https:\/\/blog.residenceliguria.com\/it\/wp-json\/wp\/v2\/media\/1242"}],"wp:attachment":[{"href":"https:\/\/blog.residenceliguria.com\/it\/wp-json\/wp\/v2\/media?parent=1240"}],"wp:term":[{"taxonomy":"category","embeddable":true,"href":"https:\/\/blog.residenceliguria.com\/it\/wp-json\/wp\/v2\/categories?post=1240"},{"taxonomy":"post_tag","embeddable":true,"href":"https:\/\/blog.residenceliguria.com\/it\/wp-json\/wp\/v2\/tags?post=1240"}],"curies":[{"name":"wp","href":"https:\/\/api.w.org\/{rel}","templated":true}]}}